{"id":10,"date":"2026-03-02T17:44:37","date_gmt":"2026-03-02T17:44:37","guid":{"rendered":"https:\/\/ba-k.lakteo.com\/?p=10"},"modified":"2026-03-02T17:44:37","modified_gmt":"2026-03-02T17:44:37","slug":"fifa-puede-sancionar-a-estados-unidos-por-guerra-contra-iran","status":"publish","type":"post","link":"https:\/\/ba-k.lakteo.com\/index.php\/2026\/03\/02\/fifa-puede-sancionar-a-estados-unidos-por-guerra-contra-iran\/","title":{"rendered":"\u00bfFIFA puede sancionar a Estados Unidos por guerra contra Ir\u00e1n?"},"content":{"rendered":"\n<p>A poco m\u00e1s de 100 d\u00edas de que inicie la <strong>Copa Mundial de F\u00fatbol 2026,<\/strong> Estados Unidos, en compa\u00f1\u00eda de Israel, decidi\u00f3 iniciar una ofensiva militar contra Ir\u00e1n.\u00a0<\/p>\n\n\n\n<p>Fue la madrugada del pasado 28 de febrero que comenzaron a caer los primeros misiles en Teher\u00e1n iniciando un conflicto b\u00e9lico entre estos tres pa\u00edses. Adem\u00e1s de las implicaciones pol\u00edticas y econ\u00f3micas que esto conlleva, <strong>siendo Estados Unidos uno de los pa\u00edses sede del mundial, \u00bfLa FIFA puede sancionar o vetar al pa\u00eds como sede o como equipo tras el inicio de la guerra?<\/strong><\/p>\n\n\n\n<p>Primero que nada, es importante recordar que la FIFA cuenta con un reglamento bajo el cual debe regirse. El art\u00edculo 4 establece que<strong><em> \u201cest\u00e1 prohibida la discriminaci\u00f3n a cualquier pa\u00eds<\/em><\/strong>\u201d bajo cualquier circunstancia, de hecho, gracias a este estatuto es que <strong>en 2022 Rusia qued\u00f3 fuera de Qatar por haber iniciado un colnflicto con Ucrania.<\/strong><\/p>\n\n\n\n<p>Sin embargo, al tratarse de una sede mundialista, la situaci\u00f3n es m\u00e1s complicada empezando por la premura, a menos de tres meses de que inicie el mundial de f\u00fatbol m\u00e1s grande que se ha tenido, <strong>encontrar una nueva local\u00eda que permita la coordinaci\u00f3n entre los otros dos pa\u00edses sede, es dif\u00edcil.\u00a0<\/strong><\/p>\n\n\n\n<p>Las consecuencias m\u00e1s graves las sufrir\u00eda el organizador, en este caso, la misma Federaci\u00f3n, ya que un movimiento de esa magnitud <strong>implica una p\u00e9rdida econ\u00f3mica considerable.\u00a0<\/strong><\/p>\n\n\n\n<p>Adem\u00e1s de estos factores, <strong>la FIFA como tal no tiene contemplado como tal una sanci\u00f3n directa a los pa\u00edses por situaciones pol\u00edticas externas, pues no es un \u00f3rgano regulador. <\/strong>Las \u00fanicas condiciones bajo las cuales<strong> podr\u00eda intervenir,<\/strong> ser\u00eda en caso de <em><strong>un escenario internacional inviable para que se realicen los partidos, <\/strong><\/em>situaci\u00f3n que, al menos por el momento, no se vive en Estados Unidos.\u00a0<\/p>\n\n\n\n<p>Por el lado contrario, se encuentra <strong>Ir\u00e1n<\/strong>. Si bien no fue su naci\u00f3n la que inici\u00f3 los ataques, <strong>anunci\u00f3 que es \u201c<em>improbable<\/em>\u201d la participaci\u00f3n de su equipo en el Mundial 2026<\/strong>, esto porque tres partidos de la primera fase los jugar\u00edan en Los \u00c1ngeles y Seattle.\u00a0<\/p>\n\n\n\n<figure class=\"wp-block-embed is-type-rich is-provider-twitter wp-block-embed-twitter\"><div class=\"wp-block-embed__wrapper\">\n<blockquote class=\"twitter-tweet\" data-width=\"500\" data-dnt=\"true\"><p lang=\"es\" dir=\"ltr\">A 104 d\u00edas de la <a href=\"https:\/\/twitter.com\/hashtag\/CopaMundialFIFA?src=hash&amp;ref_src=twsrc%5Etfw\">#CopaMundialFIFA<\/a> de 104 partidos. \ud83e\udd2f <a href=\"https:\/\/t.co\/cmcOfdNzoZ\">pic.twitter.com\/cmcOfdNzoZ<\/a><\/p>&mdash; Copa Mundial FIFA \ud83c\udfc6 (@fifaworldcup_es) <a href=\"https:\/\/twitter.com\/fifaworldcup_es\/status\/2027402186603295140?ref_src=twsrc%5Etfw\">February 27, 2026<\/a><\/blockquote><script async src=\"https:\/\/platform.twitter.com\/widgets.js\" charset=\"utf-8\"><\/script>\n<\/div><\/figure>\n\n\n\n<p>En caso de que Ir\u00e1n confirme su salida de la Copa del Mundo, la FIFA se encargar\u00e1 de elegir a la selecci\u00f3n sustituta. Pero <strong>la Federaci\u00f3n iran\u00ed ser\u00e1 multada por la Comisi\u00f3n disciplinaria, dicha multa podr\u00eda ir desde los 323 a los 647 millones de d\u00f3lares<\/strong>. De igual forma podr\u00eda ser acreedor a una exclusi\u00f3n del equipo para futuras competencias de la FIFA.\u00a0<\/p>\n\n\n\n<p>Por el momento no se ha confirmado ning\u00fan cambio ni en calendario, sedes o equipos, sin embargo, hay que seguir de cerca el avance de la situaci\u00f3n en Medio Oriente y las determinaciones que pueda tomar la Federaci\u00f3n a escasas semanas de que d\u00e9 inicio la fiesta mundialista que por primera vez se realizar\u00e1 en tres sedes distintas.&nbsp;<\/p>\n\n\n\n<p><\/p>\n","protected":false},"excerpt":{"rendered":"<p>A poco m\u00e1s de 100 d\u00edas de que inicie la Copa Mundial de F\u00fatbol 2026, Estados Unidos, en compa\u00f1\u00eda de Israel, decidi\u00f3 iniciar una ofensiva militar contra Ir\u00e1n.\u00a0 Fue la madrugada del pasado 28 de febrero que comenzaron a caer los primeros misiles en Teher\u00e1n iniciando un conflicto b\u00e9lico entre estos tres pa\u00edses. Adem\u00e1s de [&hellip;]<\/p>\n","protected":false},"author":3,"featured_media":12,"comment_status":"open","ping_status":"open","sticky":false,"template":"","format":"standard","meta":{"footnotes":""},"categories":[1],"tags":[],"class_list":["post-10","post","type-post","status-publish","format-standard","has-post-thumbnail","hentry","category-uncategorized"],"_links":{"self":[{"href":"https:\/\/ba-k.lakteo.com\/index.php\/wp-json\/wp\/v2\/posts\/10","targetHints":{"allow":["GET"]}}],"collection":[{"href":"https:\/\/ba-k.lakteo.com\/index.php\/wp-json\/wp\/v2\/posts"}],"about":[{"href":"https:\/\/ba-k.lakteo.com\/index.php\/wp-json\/wp\/v2\/types\/post"}],"author":[{"embeddable":true,"href":"https:\/\/ba-k.lakteo.com\/index.php\/wp-json\/wp\/v2\/users\/3"}],"replies":[{"embeddable":true,"href":"https:\/\/ba-k.lakteo.com\/index.php\/wp-json\/wp\/v2\/comments?post=10"}],"version-history":[{"count":1,"href":"https:\/\/ba-k.lakteo.com\/index.php\/wp-json\/wp\/v2\/posts\/10\/revisions"}],"predecessor-version":[{"id":13,"href":"https:\/\/ba-k.lakteo.com\/index.php\/wp-json\/wp\/v2\/posts\/10\/revisions\/13"}],"wp:featuredmedia":[{"embeddable":true,"href":"https:\/\/ba-k.lakteo.com\/index.php\/wp-json\/wp\/v2\/media\/12"}],"wp:attachment":[{"href":"https:\/\/ba-k.lakteo.com\/index.php\/wp-json\/wp\/v2\/media?parent=10"}],"wp:term":[{"taxonomy":"category","embeddable":true,"href":"https:\/\/ba-k.lakteo.com\/index.php\/wp-json\/wp\/v2\/categories?post=10"},{"taxonomy":"post_tag","embeddable":true,"href":"https:\/\/ba-k.lakteo.com\/index.php\/wp-json\/wp\/v2\/tags?post=10"}],"curies":[{"name":"wp","href":"https:\/\/api.w.org\/{rel}","templated":true}]}}