{"id":103,"date":"2026-03-25T19:57:19","date_gmt":"2026-03-25T19:57:19","guid":{"rendered":"https:\/\/ba-k.lakteo.com\/?p=103"},"modified":"2026-03-25T19:57:19","modified_gmt":"2026-03-25T19:57:19","slug":"polemico-traslado-natalia-jimenez-llega-a-fiesta-en-ambulancia","status":"publish","type":"post","link":"https:\/\/ba-k.lakteo.com\/index.php\/2026\/03\/25\/polemico-traslado-natalia-jimenez-llega-a-fiesta-en-ambulancia\/","title":{"rendered":"Pol\u00e9mico traslado: Natalia Jim\u00e9nez llega a fiesta en ambulancia\u00a0"},"content":{"rendered":"\n<p><br>La cantante espa\u00f1ola Natalia Jim\u00e9nez se vio envuelta en controversia luego de que se diera a conocer que utiliz\u00f3 una ambulancia como medio de transporte para llegar a una reuni\u00f3n, presuntamente con el objetivo de evitar el tr\u00e1fico.<\/p>\n\n\n\n<p>De acuerdo con reportes difundidos en redes sociales, la int\u00e9rprete habr\u00eda hecho uso de este veh\u00edculo destinado a emergencias m\u00e9dicas sin que existiera una situaci\u00f3n de urgencia, lo que desat\u00f3 cr\u00edticas por un posible uso indebido de recursos de salud.<\/p>\n\n\n\n<p>Especialistas han se\u00f1alado que las ambulancias deben emplearse exclusivamente para la atenci\u00f3n prehospitalaria y el traslado de pacientes, ya que su uso inapropiado puede comprometer la disponibilidad del servicio para emergencias reales.<\/p>\n\n\n\n<p>En t\u00e9rminos legales, el uso indebido de ambulancias s\u00ed puede derivar en sanciones en M\u00e9xico, particularmente para las empresas o el personal que opera las unidades. De acuerdo con la normativa vigente en la Ciudad de M\u00e9xico, estos veh\u00edculos solo pueden utilizar sirenas y luces cuando atienden una emergencia real o trasladan a un paciente en estado cr\u00edtico; de lo contrario, la unidad puede ser remitida al corral\u00f3n de manera inmediata.&nbsp;<\/p>\n\n\n\n<figure class=\"wp-block-embed is-type-rich is-provider-twitter wp-block-embed-twitter\"><div class=\"wp-block-embed__wrapper\">\n<blockquote class=\"twitter-tweet\" data-width=\"500\" data-dnt=\"true\"><p lang=\"es\" dir=\"ltr\">CRITICAN A NATALIA JIM\u00c9NEZ POR USAR UNA AMBULANCIA \ud83d\ude91\u2728<br><br>Tras su show en el Vive Latino, Natalia Jim\u00e9nez est\u00e1 bajo la lupa por presuntamente usar una ambulancia con sirena abierta para evadir el tr\u00e1fico y llegar a un helic\u00f3ptero que la llevar\u00eda al cumplea\u00f1os del cantante Carlos\u2026 <a href=\"https:\/\/t.co\/H6SKFGIcKU\">pic.twitter.com\/H6SKFGIcKU<\/a><\/p>&mdash; M\u00e9xico Ahora (@AhoraMex) <a href=\"https:\/\/twitter.com\/AhoraMex\/status\/2035820896678531306?ref_src=twsrc%5Etfw\">March 22, 2026<\/a><\/blockquote><script async src=\"https:\/\/platform.twitter.com\/widgets.js\" charset=\"utf-8\"><\/script>\n<\/div><\/figure>\n\n\n\n<p>Adem\u00e1s, la Norma Oficial Mexicana NOM-034-SSA3-2013 establece consecuencias m\u00e1s severas en caso de incumplimiento, que pueden incluir&nbsp;<strong>penas de seis meses a dos a\u00f1os de prisi\u00f3n<\/strong>, as\u00ed como&nbsp;<strong>multas que van de 2 mil a 9 mil pesos<\/strong>, adem\u00e1s de la suspensi\u00f3n temporal o definitiva del servicio.&nbsp;<\/p>\n\n\n\n<p>En el \u00e1mbito administrativo, tambi\u00e9n se contemplan sanciones como multas econ\u00f3micas, revisi\u00f3n de permisos, clausura de la empresa operadora o incluso denuncias penales si existen agravantes, como el uso de sirenas sin justificaci\u00f3n o la simulaci\u00f3n de una emergencia.&nbsp;<\/p>\n\n\n\n<p>Sin embargo, la legislaci\u00f3n vigente no suele sancionar directamente a los usuarios que solicitan el servicio, sino a los responsables de operar la ambulancia, como la empresa, el propietario o el personal m\u00e9dico involucrado.&nbsp;<\/p>\n\n\n\n<p>Hasta el momento, la cantante no ha emitido una postura p\u00fablica detallada sobre el caso. En tanto, el incidente ha reavivado el debate sobre el uso \u00e9tico y legal de los servicios de emergencia, as\u00ed como la necesidad de reforzar la supervisi\u00f3n para evitar abusos en este tipo de recursos.<\/p>\n\n\n\n<p><\/p>\n\n\n\n<p><\/p>\n\n\n\n<p><\/p>\n\n\n\n<p><\/p>\n\n\n\n<p><\/p>\n\n\n\n<p><\/p>\n\n\n\n<p><\/p>\n\n\n\n<p><\/p>\n","protected":false},"excerpt":{"rendered":"<p>La cantante espa\u00f1ola Natalia Jim\u00e9nez se vio envuelta en controversia luego de que se diera a conocer que utiliz\u00f3 una ambulancia como medio de transporte para llegar a una reuni\u00f3n, presuntamente con el objetivo de evitar el tr\u00e1fico. De acuerdo con reportes difundidos en redes sociales, la int\u00e9rprete habr\u00eda hecho uso de este veh\u00edculo destinado [&hellip;]<\/p>\n","protected":false},"author":3,"featured_media":107,"comment_status":"open","ping_status":"open","sticky":false,"template":"","format":"standard","meta":{"footnotes":""},"categories":[1],"tags":[],"class_list":["post-103","post","type-post","status-publish","format-standard","has-post-thumbnail","hentry","category-uncategorized"],"_links":{"self":[{"href":"https:\/\/ba-k.lakteo.com\/index.php\/wp-json\/wp\/v2\/posts\/103","targetHints":{"allow":["GET"]}}],"collection":[{"href":"https:\/\/ba-k.lakteo.com\/index.php\/wp-json\/wp\/v2\/posts"}],"about":[{"href":"https:\/\/ba-k.lakteo.com\/index.php\/wp-json\/wp\/v2\/types\/post"}],"author":[{"embeddable":true,"href":"https:\/\/ba-k.lakteo.com\/index.php\/wp-json\/wp\/v2\/users\/3"}],"replies":[{"embeddable":true,"href":"https:\/\/ba-k.lakteo.com\/index.php\/wp-json\/wp\/v2\/comments?post=103"}],"version-history":[{"count":2,"href":"https:\/\/ba-k.lakteo.com\/index.php\/wp-json\/wp\/v2\/posts\/103\/revisions"}],"predecessor-version":[{"id":108,"href":"https:\/\/ba-k.lakteo.com\/index.php\/wp-json\/wp\/v2\/posts\/103\/revisions\/108"}],"wp:featuredmedia":[{"embeddable":true,"href":"https:\/\/ba-k.lakteo.com\/index.php\/wp-json\/wp\/v2\/media\/107"}],"wp:attachment":[{"href":"https:\/\/ba-k.lakteo.com\/index.php\/wp-json\/wp\/v2\/media?parent=103"}],"wp:term":[{"taxonomy":"category","embeddable":true,"href":"https:\/\/ba-k.lakteo.com\/index.php\/wp-json\/wp\/v2\/categories?post=103"},{"taxonomy":"post_tag","embeddable":true,"href":"https:\/\/ba-k.lakteo.com\/index.php\/wp-json\/wp\/v2\/tags?post=103"}],"curies":[{"name":"wp","href":"https:\/\/api.w.org\/{rel}","templated":true}]}}