{"id":115,"date":"2026-03-26T19:52:28","date_gmt":"2026-03-26T19:52:28","guid":{"rendered":"https:\/\/ba-k.lakteo.com\/?p=115"},"modified":"2026-03-26T19:52:28","modified_gmt":"2026-03-26T19:52:28","slug":"noelia-castillo-la-persona-mas-joven-en-recibir-la-eutanasia","status":"publish","type":"post","link":"https:\/\/ba-k.lakteo.com\/index.php\/2026\/03\/26\/noelia-castillo-la-persona-mas-joven-en-recibir-la-eutanasia\/","title":{"rendered":"Noelia Castillo, la persona m\u00e1s joven en recibir la eutanasia"},"content":{"rendered":"\n<p>El caso de <strong>Noelia Castillo<\/strong> le est\u00e1 dando la vuelta al mundo y ha reabierto uno de los debates m\u00e1s pol\u00e9micos en el tema de la salud:<strong> la muerte asistida o eutanasia.<\/strong><\/p>\n\n\n\n<p>Primeramente, Noelia Castillo era una joven originaria de Espa\u00f1a quien <strong>con tan solo 25 a\u00f1os de edad fue la primera, y m\u00e1s joven, en recibir la eutanasia por depresi\u00f3n.<\/strong><\/p>\n\n\n\n<p><strong>El proceso fue solicitado por Noelia desde 2024<\/strong> y aprobado en julio del mismo a\u00f1o por la Generalitat de Catalu\u00f1a, sin embargo, <strong>recursos legales interpuestos por su padre, Ger\u00f3nimo Castillo, retrasaron la aplicaci\u00f3n de la inyecci\u00f3n letal <\/strong>hasta este 26 de marzo de 2026.<\/p>\n\n\n\n<figure class=\"wp-block-embed is-type-rich is-provider-twitter wp-block-embed-twitter\"><div class=\"wp-block-embed__wrapper\">\n<blockquote class=\"twitter-tweet\" data-width=\"500\" data-dnt=\"true\"><p lang=\"es\" dir=\"ltr\">\ud83c\uddea\ud83c\uddf8 | \u00daLTIMA HORA: La joven Noelia Castillo muere tras recibir la eutanasia en Espa\u00f1a. <a href=\"https:\/\/t.co\/BEF0gWwHjZ\">pic.twitter.com\/BEF0gWwHjZ<\/a><\/p>&mdash; Alerta Mundial (@AlertaMundoNews) <a href=\"https:\/\/twitter.com\/AlertaMundoNews\/status\/2037245723540967570?ref_src=twsrc%5Etfw\">March 26, 2026<\/a><\/blockquote><script async src=\"https:\/\/platform.twitter.com\/widgets.js\" charset=\"utf-8\"><\/script>\n<\/div><\/figure>\n\n\n\n<p>Durante una \u00faltima entrevista ofrecida al medio espa\u00f1ol <em>Antena 3, <\/em>Noelia Castillo declar\u00f3 que su padre la acus\u00f3 de <em>\u201cno tener coraz\u00f3n\u201d<\/em> al considerar irse y dejarlos a ellos como familiares con el dolor de la p\u00e9rdida. Pese a sus intentos personales y legales, en compa\u00f1\u00eda de Abogados Cristianos, <strong>el procedimiento se realiz\u00f3 finalmente este jueves.<\/strong><\/p>\n\n\n\n<p>Para haber sido aprobado<strong> primero se efectu\u00f3 una evaluaci\u00f3n m\u00e9dica, con ella, la Comisi\u00f3n de Garant\u00eda y Evaluaci\u00f3n de Catalu\u00f1a\u00a0determin\u00f3 que la joven contaba con un historial cl\u00ednico <em>\u201cno recuperable\u201d <\/em>que le hac\u00eda sufrir dolor grave e imposibilitante.<\/strong><\/p>\n\n\n\n<p>Esto debido a que Noelia qued\u00f3 <strong>parapl\u00e9jica tras arrojarse de un edificio de cinco pisos de altura despu\u00e9s de haber sido abusada sexualmente por su entonces pareja y tres hombres<\/strong> m\u00e1s en 2022.<\/p>\n\n\n\n<figure class=\"wp-block-embed is-type-rich is-provider-twitter wp-block-embed-twitter\"><div class=\"wp-block-embed__wrapper\">\n<blockquote class=\"twitter-tweet\" data-width=\"500\" data-dnt=\"true\"><p lang=\"es\" dir=\"ltr\">He le\u00eddo su historia y me parece una barbaridad que esto est\u00e9 pasando en Espa\u00f1a.<br><br>En 2022 sufri\u00f3 una violaci\u00f3n m\u00faltiple en un centro tutelado.<br><br>Tras intentar quitarse la vida, qued\u00f3 parapl\u00e9jica.<br><br>Ahora, el sistema le da luz verde para morir en vez de garantizarle apoyo,\u2026 <a href=\"https:\/\/t.co\/QlLi2u1BfZ\">pic.twitter.com\/QlLi2u1BfZ<\/a><\/p>&mdash; Muy.Mona\/\ud83c\uddea\ud83c\uddf8\ud83d\udc9a (@Capitana_espana) <a href=\"https:\/\/twitter.com\/Capitana_espana\/status\/2036805465141621240?ref_src=twsrc%5Etfw\">March 25, 2026<\/a><\/blockquote><script async src=\"https:\/\/platform.twitter.com\/widgets.js\" charset=\"utf-8\"><\/script>\n<\/div><\/figure>\n\n\n\n<p>Su <strong>madre<\/strong>, al contrario de su padre<strong>, asegur\u00f3 no sentirse contenta con la decisi\u00f3n de su hija, sin embargo, respet\u00f3 el dolor y la determinaci\u00f3n final de Noelia,<\/strong><\/p>\n\n\n\n<p>El debate internacional se encuentra mayormente inclinado al respeto a la decisi\u00f3n tomada por Noelia para <em><strong>\u201cdejar de sufrir\u201d.<\/strong><\/em> El hablar p\u00fablicamente de este tema abre la puerta a futuras implementaciones a nivel internacional de la muerte asistida tomando como prioridad la salud f\u00edsica y mental de la persona que as\u00ed lo solicite.<\/p>\n","protected":false},"excerpt":{"rendered":"<p>El caso de Noelia Castillo le est\u00e1 dando la vuelta al mundo y ha reabierto uno de los debates m\u00e1s pol\u00e9micos en el tema de la salud: la muerte asistida o eutanasia. Primeramente, Noelia Castillo era una joven originaria de Espa\u00f1a quien con tan solo 25 a\u00f1os de edad fue la primera, y m\u00e1s joven, [&hellip;]<\/p>\n","protected":false},"author":3,"featured_media":116,"comment_status":"open","ping_status":"open","sticky":false,"template":"","format":"standard","meta":{"footnotes":""},"categories":[1],"tags":[],"class_list":["post-115","post","type-post","status-publish","format-standard","has-post-thumbnail","hentry","category-uncategorized"],"_links":{"self":[{"href":"https:\/\/ba-k.lakteo.com\/index.php\/wp-json\/wp\/v2\/posts\/115","targetHints":{"allow":["GET"]}}],"collection":[{"href":"https:\/\/ba-k.lakteo.com\/index.php\/wp-json\/wp\/v2\/posts"}],"about":[{"href":"https:\/\/ba-k.lakteo.com\/index.php\/wp-json\/wp\/v2\/types\/post"}],"author":[{"embeddable":true,"href":"https:\/\/ba-k.lakteo.com\/index.php\/wp-json\/wp\/v2\/users\/3"}],"replies":[{"embeddable":true,"href":"https:\/\/ba-k.lakteo.com\/index.php\/wp-json\/wp\/v2\/comments?post=115"}],"version-history":[{"count":1,"href":"https:\/\/ba-k.lakteo.com\/index.php\/wp-json\/wp\/v2\/posts\/115\/revisions"}],"predecessor-version":[{"id":117,"href":"https:\/\/ba-k.lakteo.com\/index.php\/wp-json\/wp\/v2\/posts\/115\/revisions\/117"}],"wp:featuredmedia":[{"embeddable":true,"href":"https:\/\/ba-k.lakteo.com\/index.php\/wp-json\/wp\/v2\/media\/116"}],"wp:attachment":[{"href":"https:\/\/ba-k.lakteo.com\/index.php\/wp-json\/wp\/v2\/media?parent=115"}],"wp:term":[{"taxonomy":"category","embeddable":true,"href":"https:\/\/ba-k.lakteo.com\/index.php\/wp-json\/wp\/v2\/categories?post=115"},{"taxonomy":"post_tag","embeddable":true,"href":"https:\/\/ba-k.lakteo.com\/index.php\/wp-json\/wp\/v2\/tags?post=115"}],"curies":[{"name":"wp","href":"https:\/\/api.w.org\/{rel}","templated":true}]}}