{"id":118,"date":"2026-03-26T23:05:30","date_gmt":"2026-03-26T23:05:30","guid":{"rendered":"https:\/\/ba-k.lakteo.com\/?p=118"},"modified":"2026-03-26T23:05:30","modified_gmt":"2026-03-26T23:05:30","slug":"empleados-elevan-sus-expectativas-ante-reforma-laboral","status":"publish","type":"post","link":"https:\/\/ba-k.lakteo.com\/index.php\/2026\/03\/26\/empleados-elevan-sus-expectativas-ante-reforma-laboral\/","title":{"rendered":"Empleados elevan sus expectativas ante reforma laboral"},"content":{"rendered":"\n<p>Ante la aprobavi\u00f3n de la reforma laboral que incluye una jornada de 40 horas a la semana, misma que se ira incorporando de manera gradual, las expectativas de los empleados est\u00e1n evolucionando.<\/p>\n\n\n\n<p>Muchos trabajadores pueden suponer que la reducci\u00f3n se producir\u00e1 de forma inmediata o sin ajustes operativos, mientras que las empresas necesitar\u00e1n tiempo para redise\u00f1ar los horarios, las cargas de trabajo y las estrategias de productividad.<\/p>\n\n\n\n<p>Ante la incertidumbre o dudas que esto pueda generar, una plataforma de empleo, denomidada Indeed, elabor\u00f3 una gu\u00eda de recomendaciones para los trabajadores y contemplen realmente lo que esta reducci\u00f3n de horas semanales implica.<\/p>\n\n\n\n<p>De entrada, es importante recordar que, actualmente, la ley establece una semana laboral de 48 horas, que se reducir\u00e1 gradualmente mediante un enfoque por fases hasta alcanzar una semana laboral de 40 horas en 2030: 46 horas en 2027, 44 en 2028, 42 en 2029 y 40 en 2030.&nbsp;<\/p>\n\n\n\n<figure class=\"wp-block-embed is-type-rich is-provider-twitter wp-block-embed-twitter\"><div class=\"wp-block-embed__wrapper\">\n<blockquote class=\"twitter-tweet\" data-width=\"500\" data-dnt=\"true\"><p lang=\"es\" dir=\"ltr\">\ud835\udde6\ud835\uddd8\ud835\udde1\ud835\uddd4\ud835\uddd7\ud835\udde2 \ud835\uddd7\ud835\uddd8\ud835\uddd6\ud835\udddf\ud835\uddd4\ud835\udde5\ud835\uddd4 \ud835\udde9\ud835\uddd4\ud835\udddf\ud835\udddc\ud835\uddd7\ud835\uddd4 \ud835\udddf\ud835\uddd4 \ud835\udde5\ud835\uddd8\ud835\uddd9\ud835\udde2\ud835\udde5\ud835\udde0\ud835\uddd4 \ud835\uddd7\ud835\uddd8 \ud835\udddf\ud835\uddd4\ud835\udde6 \ud835\udff0\ud835\udfec \ud835\udddb\ud835\udde2\ud835\udde5\ud835\uddd4\ud835\udde6<br><br>Con el aval de 23 congresos estatales, el pleno del <a href=\"https:\/\/twitter.com\/hashtag\/Senado?src=hash&amp;ref_src=twsrc%5Etfw\">#Senado<\/a> realiz\u00f3 la declaratoria de validez de la reforma constitucional que reduce la jornada laboral a 40 horas semanales.<br><br>Informaci\u00f3n\u2026 <a href=\"https:\/\/t.co\/yZzihrW9lx\">pic.twitter.com\/yZzihrW9lx<\/a><\/p>&mdash; LuisCardenasMX (@LuisCardenasMx) <a href=\"https:\/\/twitter.com\/LuisCardenasMx\/status\/2028998407982072045?ref_src=twsrc%5Etfw\">March 4, 2026<\/a><\/blockquote><script async src=\"https:\/\/platform.twitter.com\/widgets.js\" charset=\"utf-8\"><\/script>\n<\/div><\/figure>\n\n\n\n<p>Ahora bien, reducir las horas de trabajo no significa reducir la productividad, pero s\u00ed requiere replantearse c\u00f3mo se organiza el trabajo. Los empleadores pueden empezar por revisar qu\u00e9 tareas generan m\u00e1s valor y cu\u00e1les podr\u00edan simplificarse o automatizarse.&nbsp;&nbsp;<\/p>\n\n\n\n<p>Esto puede facilitarse directamente con los supervisores de cada equipo, que pueden tener una mejor comprensi\u00f3n del tiempo que el equipo dedica a determinadas tareas y, por lo tanto, pueden designar gradualmente nuevos horarios.<\/p>\n\n\n\n<p>La OECD M\u00e9xico registra m\u00e1s de 2000 horas trabajadas al a\u00f1o de media por trabajador, lo que lo sit\u00faa entre los pa\u00edses con m\u00e1s horas de trabajo. En este contexto, la reforma busca promover un equilibrio m\u00e1s saludable entre la vida personal y profesional, al tiempo que aclara las normas relativas a las horas extras y el trabajo en d\u00edas festivos.<\/p>\n\n\n\n<p>De esta manera, la reforma tambi\u00e9n puede ayudar a las organizaciones a convertirse en empleadores m\u00e1s atractivos en un mercado laboral competitivo, en el que la flexibilidad y el bienestar son cada vez m\u00e1s valorados por el talento.<\/p>\n","protected":false},"excerpt":{"rendered":"<p>Ante la aprobavi\u00f3n de la reforma laboral que incluye una jornada de 40 horas a la semana, misma que se ira incorporando de manera gradual, las expectativas de los empleados est\u00e1n evolucionando. Muchos trabajadores pueden suponer que la reducci\u00f3n se producir\u00e1 de forma inmediata o sin ajustes operativos, mientras que las empresas necesitar\u00e1n tiempo para [&hellip;]<\/p>\n","protected":false},"author":3,"featured_media":119,"comment_status":"open","ping_status":"open","sticky":false,"template":"","format":"standard","meta":{"footnotes":""},"categories":[1],"tags":[],"class_list":["post-118","post","type-post","status-publish","format-standard","has-post-thumbnail","hentry","category-uncategorized"],"_links":{"self":[{"href":"https:\/\/ba-k.lakteo.com\/index.php\/wp-json\/wp\/v2\/posts\/118","targetHints":{"allow":["GET"]}}],"collection":[{"href":"https:\/\/ba-k.lakteo.com\/index.php\/wp-json\/wp\/v2\/posts"}],"about":[{"href":"https:\/\/ba-k.lakteo.com\/index.php\/wp-json\/wp\/v2\/types\/post"}],"author":[{"embeddable":true,"href":"https:\/\/ba-k.lakteo.com\/index.php\/wp-json\/wp\/v2\/users\/3"}],"replies":[{"embeddable":true,"href":"https:\/\/ba-k.lakteo.com\/index.php\/wp-json\/wp\/v2\/comments?post=118"}],"version-history":[{"count":1,"href":"https:\/\/ba-k.lakteo.com\/index.php\/wp-json\/wp\/v2\/posts\/118\/revisions"}],"predecessor-version":[{"id":120,"href":"https:\/\/ba-k.lakteo.com\/index.php\/wp-json\/wp\/v2\/posts\/118\/revisions\/120"}],"wp:featuredmedia":[{"embeddable":true,"href":"https:\/\/ba-k.lakteo.com\/index.php\/wp-json\/wp\/v2\/media\/119"}],"wp:attachment":[{"href":"https:\/\/ba-k.lakteo.com\/index.php\/wp-json\/wp\/v2\/media?parent=118"}],"wp:term":[{"taxonomy":"category","embeddable":true,"href":"https:\/\/ba-k.lakteo.com\/index.php\/wp-json\/wp\/v2\/categories?post=118"},{"taxonomy":"post_tag","embeddable":true,"href":"https:\/\/ba-k.lakteo.com\/index.php\/wp-json\/wp\/v2\/tags?post=118"}],"curies":[{"name":"wp","href":"https:\/\/api.w.org\/{rel}","templated":true}]}}