{"id":136,"date":"2026-03-30T22:46:02","date_gmt":"2026-03-30T22:46:02","guid":{"rendered":"https:\/\/ba-k.lakteo.com\/?p=136"},"modified":"2026-03-30T22:46:02","modified_gmt":"2026-03-30T22:46:02","slug":"luna-rosa-de-abril-llegara-con-energia-renovadora","status":"publish","type":"post","link":"https:\/\/ba-k.lakteo.com\/index.php\/2026\/03\/30\/luna-rosa-de-abril-llegara-con-energia-renovadora\/","title":{"rendered":"Luna rosa de abril llegar\u00e1 con energ\u00eda renovadora"},"content":{"rendered":"\n<p>La protagonista especial de esta semana ser\u00e1 la famosa <strong>Luna Rosa que tendr\u00e1 lugar el mi\u00e9rcoles 1 de abril <\/strong>durante la tarde noche y continuar\u00e1 en la madrugada del jueves 2.<\/p>\n\n\n\n<p>El fen\u00f3meno no s\u00f3lo trae consigo un evento astrol\u00f3gico, sino que tambi\u00e9n ha sido adoptado en el sentido espiritual. Al estar relacionada con la primavera, la<strong> Luna Rosa<\/strong> r<strong>epresenta una \u00e9poca de transformaci\u00f3n y renovaci\u00f3n<\/strong>; de tomar nuevas oportunidades y renacer.<\/p>\n\n\n\n<p>La vibraci\u00f3n especial de la luna de este 2026 impulsa a redireccionar caminos y, de ser necesario, <strong>cambiar el rumbo de nuestra vida personal, profesional, o seg\u00fan sea el caso.<\/strong><\/p>\n\n\n\n<p>Se recomienda comenzar a presenciar el espect\u00e1culo cerca de las 19:00 hrs, ya que el efecto \u00f3ptico del horizonte permite apreciarlo mejor, sin embargo, <strong>el punto m\u00e1ximo ser\u00e1 pasando las 20:00 hrs de este 1 de abril.<\/strong><\/p>\n\n\n\n<figure class=\"wp-block-embed is-type-rich is-provider-twitter wp-block-embed-twitter\"><div class=\"wp-block-embed__wrapper\">\n<blockquote class=\"twitter-tweet\" data-width=\"500\" data-dnt=\"true\"><p lang=\"es\" dir=\"ltr\">\ud83c\udf15 Luna Rosa 2026: fecha y hora exacta en M\u00e9xico<br><br>La llamada <a href=\"https:\/\/twitter.com\/hashtag\/LunaRosa?src=hash&amp;ref_src=twsrc%5Etfw\">#LunaRosa<\/a> 2026 podr\u00e1 observarse en <a href=\"https:\/\/twitter.com\/hashtag\/M%C3%A9xico?src=hash&amp;ref_src=twsrc%5Etfw\">#M\u00e9xico<\/a> el:<br><br>\ud83d\udcc5 Mi\u00e9rcoles 1 de abril de 2026<br>\u23f0 20:11 horas (tiempo del centro de M\u00e9xico)<br><br>Ese es el momento exacto en que la Luna estar\u00e1 completamente iluminada. <a href=\"https:\/\/t.co\/PL5Xvf5QVi\">pic.twitter.com\/PL5Xvf5QVi<\/a><\/p>&mdash; Jimena Mora * (@JimePmora) <a href=\"https:\/\/twitter.com\/JimePmora\/status\/2038274687273173093?ref_src=twsrc%5Etfw\">March 29, 2026<\/a><\/blockquote><script async src=\"https:\/\/platform.twitter.com\/widgets.js\" charset=\"utf-8\"><\/script>\n<\/div><\/figure>\n\n\n\n<p>Como tal, el fen\u00f3meno <strong>Luna Rosa no significa que el sat\u00e9lite se te\u00f1ir\u00e1 de ese color, <\/strong>m\u00e1s bien su nombre proviene de los antiguos pueblos de Norteam\u00e9rica quienes nombraban los eventos astrol\u00f3gico de acuerdo a los ciclos naturales.<\/p>\n\n\n\n<p>En este caso, la Luna Rosa <strong>es un homenaje del <em>Phlox subalata,<\/em> <\/strong>conocida mejor como <em>\u201cmusgo rosa\u201d<\/em> que <strong>florece a inicios de la primavera y tapiza los paisajes <\/strong>de un color rosa en diferentes tonalidades.<\/p>\n","protected":false},"excerpt":{"rendered":"<p>La protagonista especial de esta semana ser\u00e1 la famosa Luna Rosa que tendr\u00e1 lugar el mi\u00e9rcoles 1 de abril durante la tarde noche y continuar\u00e1 en la madrugada del jueves 2. El fen\u00f3meno no s\u00f3lo trae consigo un evento astrol\u00f3gico, sino que tambi\u00e9n ha sido adoptado en el sentido espiritual. Al estar relacionada con la [&hellip;]<\/p>\n","protected":false},"author":3,"featured_media":137,"comment_status":"open","ping_status":"open","sticky":false,"template":"","format":"standard","meta":{"footnotes":""},"categories":[1],"tags":[],"class_list":["post-136","post","type-post","status-publish","format-standard","has-post-thumbnail","hentry","category-uncategorized"],"_links":{"self":[{"href":"https:\/\/ba-k.lakteo.com\/index.php\/wp-json\/wp\/v2\/posts\/136","targetHints":{"allow":["GET"]}}],"collection":[{"href":"https:\/\/ba-k.lakteo.com\/index.php\/wp-json\/wp\/v2\/posts"}],"about":[{"href":"https:\/\/ba-k.lakteo.com\/index.php\/wp-json\/wp\/v2\/types\/post"}],"author":[{"embeddable":true,"href":"https:\/\/ba-k.lakteo.com\/index.php\/wp-json\/wp\/v2\/users\/3"}],"replies":[{"embeddable":true,"href":"https:\/\/ba-k.lakteo.com\/index.php\/wp-json\/wp\/v2\/comments?post=136"}],"version-history":[{"count":1,"href":"https:\/\/ba-k.lakteo.com\/index.php\/wp-json\/wp\/v2\/posts\/136\/revisions"}],"predecessor-version":[{"id":138,"href":"https:\/\/ba-k.lakteo.com\/index.php\/wp-json\/wp\/v2\/posts\/136\/revisions\/138"}],"wp:featuredmedia":[{"embeddable":true,"href":"https:\/\/ba-k.lakteo.com\/index.php\/wp-json\/wp\/v2\/media\/137"}],"wp:attachment":[{"href":"https:\/\/ba-k.lakteo.com\/index.php\/wp-json\/wp\/v2\/media?parent=136"}],"wp:term":[{"taxonomy":"category","embeddable":true,"href":"https:\/\/ba-k.lakteo.com\/index.php\/wp-json\/wp\/v2\/categories?post=136"},{"taxonomy":"post_tag","embeddable":true,"href":"https:\/\/ba-k.lakteo.com\/index.php\/wp-json\/wp\/v2\/tags?post=136"}],"curies":[{"name":"wp","href":"https:\/\/api.w.org\/{rel}","templated":true}]}}