{"id":14,"date":"2026-03-02T21:11:26","date_gmt":"2026-03-02T21:11:26","guid":{"rendered":"https:\/\/ba-k.lakteo.com\/?p=14"},"modified":"2026-03-02T21:11:26","modified_gmt":"2026-03-02T21:11:26","slug":"perritos-peregrinos-buscan-familia","status":"publish","type":"post","link":"https:\/\/ba-k.lakteo.com\/index.php\/2026\/03\/02\/perritos-peregrinos-buscan-familia\/","title":{"rendered":"Perritos peregrinos buscan familia"},"content":{"rendered":"\n<p>Los perritos peregrinos de la <strong>Bas\u00edlica de Guadalupe est\u00e1n de regreso y en busca de un hogar,<\/strong> por lo que todos los interesados en adoptar una mascota est\u00e1n invitados al <em>Adoptat\u00f3n<\/em>.\u00a0<\/p>\n\n\n\n<p>Esta jornada de adopci\u00f3n se realizar\u00e1 el pr\u00f3ximo s\u00e1bado 7 de marzo en la Estela de Luz de la Ciudad de M\u00e9xico. A<strong>h\u00ed estar\u00e1n todos los perritos peregrinos que fueron resguardados y podr\u00e1s llevarlos a casa si lo deseas.\u00a0<\/strong><\/p>\n\n\n\n<p>Primero que nada, tienes que llenar este <a href=\"https:\/\/docs.google.com\/forms\/d\/e\/1FAIpQLSfd8DeZXBXHzxKs6RYiX4Vpa7AG2giQGxmJIgbE35zkxDQeGw\/formResponse\"><em>formulario<\/em><\/a> para iniciar el proceso de adopci\u00f3n. En \u00e9l te solicitar\u00e1n el nombre de la mascota que deseas adoptar, mismos que puedes encontrar directamente en la p\u00e1gina de la <a href=\"https:\/\/agatan.cdmx.gob.mx\/http\/Adoptables\"><em>Agencia de Atenci\u00f3n Animal de la Ciudad de M\u00e9xico.\u00a0<\/em><\/a><\/p>\n\n\n\n<p>En las fichas ilustrativas del apartado \u201c<strong>Adoptables<\/strong>\u201d podr\u00e1s localizar toda la informaci\u00f3n de cada animalito como edad, sexo, raza y estado de salud.\u00a0<\/p>\n\n\n\n<figure class=\"wp-block-embed is-type-rich is-provider-twitter wp-block-embed-twitter\"><div class=\"wp-block-embed__wrapper\">\n<blockquote class=\"twitter-tweet\" data-width=\"500\" data-dnt=\"true\"><p lang=\"es\" dir=\"ltr\">Las familias capitalinas transformando la <a href=\"https:\/\/twitter.com\/hashtag\/CDMXAnimalista?src=hash&amp;ref_src=twsrc%5Etfw\">#CDMXAnimalista<\/a>. Chatita lleg\u00f3 con nosotros despu\u00e9s, seguramente de haberse extraviado, y hoy con el Adoptat\u00f3n de la Jefa de Gobierno <a href=\"https:\/\/twitter.com\/ClaraBrugadaM?ref_src=twsrc%5Etfw\">@ClaraBrugadaM<\/a> ya encontr\u00f3 familia \ud83d\ude0d\ud83d\udc3e\ud83d\ude4c\ud83c\udffd\ud83d\udc4f\ud83c\udffd<br>\u00a1GRACIAS POR ADOPTAR! <a href=\"https:\/\/twitter.com\/GobCDMX?ref_src=twsrc%5Etfw\">@GobCDMX<\/a> <a href=\"https:\/\/t.co\/REJwdr8rfV\">pic.twitter.com\/REJwdr8rfV<\/a><\/p>&mdash; Agencia de Atenci\u00f3n Animal (@AgatanCdmx) <a href=\"https:\/\/twitter.com\/AgatanCdmx\/status\/2028565918335357167?ref_src=twsrc%5Etfw\">March 2, 2026<\/a><\/blockquote><script async src=\"https:\/\/platform.twitter.com\/widgets.js\" charset=\"utf-8\"><\/script>\n<\/div><\/figure>\n\n\n\n<p>Posteriormente, el personal de Agatan <strong>se encargar\u00e1 de realizar el seguimiento del proceso, lo m\u00e1s importante es garantizar la adopci\u00f3n responsable y el bienestar del animal.\u00a0<\/strong><\/p>\n\n\n\n<p>Todos los adoptables ya han sido vacunados, esterilizados y fueron monitoreados desde el momento en el que fueron resguardados, por lo que se entregan a las familias en perfecto estado.&nbsp;<\/p>\n\n\n\n<p>Algunos perritos peregrinos fueron abandonados en la Bas\u00edlica de Guadalupe desde el pasado 12 de diciembre, unos m\u00e1s ya viv\u00edan en la calle y solo unieron a las peregrinaciones quedando solos al final, es por eso que quieren la <strong>oportunidad de encontrar un hogar permanente donde se les brinden los cuidados y atenciones que requieren.\u00a0<\/strong><\/p>\n\n\n\n<p>Inicialmente, este evento estaba programado para el pasado domingo 1 de marzo, pero por razones log\u00edsticas, la fecha fue modificada<\/p>\n","protected":false},"excerpt":{"rendered":"<p>Los perritos peregrinos de la Bas\u00edlica de Guadalupe est\u00e1n de regreso y en busca de un hogar, por lo que todos los interesados en adoptar una mascota est\u00e1n invitados al Adoptat\u00f3n.\u00a0 Esta jornada de adopci\u00f3n se realizar\u00e1 el pr\u00f3ximo s\u00e1bado 7 de marzo en la Estela de Luz de la Ciudad de M\u00e9xico. Ah\u00ed estar\u00e1n [&hellip;]<\/p>\n","protected":false},"author":3,"featured_media":15,"comment_status":"open","ping_status":"open","sticky":false,"template":"","format":"standard","meta":{"footnotes":""},"categories":[1],"tags":[],"class_list":["post-14","post","type-post","status-publish","format-standard","has-post-thumbnail","hentry","category-uncategorized"],"_links":{"self":[{"href":"https:\/\/ba-k.lakteo.com\/index.php\/wp-json\/wp\/v2\/posts\/14","targetHints":{"allow":["GET"]}}],"collection":[{"href":"https:\/\/ba-k.lakteo.com\/index.php\/wp-json\/wp\/v2\/posts"}],"about":[{"href":"https:\/\/ba-k.lakteo.com\/index.php\/wp-json\/wp\/v2\/types\/post"}],"author":[{"embeddable":true,"href":"https:\/\/ba-k.lakteo.com\/index.php\/wp-json\/wp\/v2\/users\/3"}],"replies":[{"embeddable":true,"href":"https:\/\/ba-k.lakteo.com\/index.php\/wp-json\/wp\/v2\/comments?post=14"}],"version-history":[{"count":1,"href":"https:\/\/ba-k.lakteo.com\/index.php\/wp-json\/wp\/v2\/posts\/14\/revisions"}],"predecessor-version":[{"id":16,"href":"https:\/\/ba-k.lakteo.com\/index.php\/wp-json\/wp\/v2\/posts\/14\/revisions\/16"}],"wp:featuredmedia":[{"embeddable":true,"href":"https:\/\/ba-k.lakteo.com\/index.php\/wp-json\/wp\/v2\/media\/15"}],"wp:attachment":[{"href":"https:\/\/ba-k.lakteo.com\/index.php\/wp-json\/wp\/v2\/media?parent=14"}],"wp:term":[{"taxonomy":"category","embeddable":true,"href":"https:\/\/ba-k.lakteo.com\/index.php\/wp-json\/wp\/v2\/categories?post=14"},{"taxonomy":"post_tag","embeddable":true,"href":"https:\/\/ba-k.lakteo.com\/index.php\/wp-json\/wp\/v2\/tags?post=14"}],"curies":[{"name":"wp","href":"https:\/\/api.w.org\/{rel}","templated":true}]}}