{"id":145,"date":"2026-03-31T23:45:32","date_gmt":"2026-03-31T23:45:32","guid":{"rendered":"https:\/\/ba-k.lakteo.com\/?p=145"},"modified":"2026-03-31T23:45:32","modified_gmt":"2026-03-31T23:45:32","slug":"inah-traslada-fosiles-humanos-localizados-en-quintana-roo","status":"publish","type":"post","link":"https:\/\/ba-k.lakteo.com\/index.php\/2026\/03\/31\/inah-traslada-fosiles-humanos-localizados-en-quintana-roo\/","title":{"rendered":"INAH traslada f\u00f3siles humanos localizados en Quintana Roo"},"content":{"rendered":"\n<p>El <strong>f\u00f3sil humano reportado en 2022 y recuperado a finales de 2025<\/strong>, en el sistema de r\u00edos subterr\u00e1neos Sac Actun, en Quintana Roo, <strong>fue trasladado por la Direcci\u00f3n de Estudios Arqueol\u00f3gicos <\/strong>(DEA) del Instituto Nacional de Antropolog\u00eda e Historia (INAH), a la Secci\u00f3n de Bioarqueolog\u00eda de la Direcci\u00f3n de Salvamento Arqueol\u00f3gico, en la Ciudad de M\u00e9xico<strong>, para realizarle los estudios correspondientes.<\/strong><\/p>\n\n\n\n<p>La pieza lleg\u00f3 embalada en cajas herm\u00e9ticas para proteger su conservaci\u00f3n y prevenir cualquier contaminaci\u00f3n.<\/p>\n\n\n\n<p>Luego de las observaciones preliminares, a partir de dos huesos diagn\u00f3sticos: el \u00e1ngulo de la ap\u00f3fisis mastoide, y el engrosamiento del hueso frontal encima de las \u00f3rbitas oculares<strong>, el antrop\u00f3logo determin\u00f3 que se trata de un individuo masculino<\/strong>. Por los huesos largos, calcula una estatura de entre 1.45 y 1.50 aproximadamente; De complexi\u00f3n muy delgada y debi\u00f3 tener entre 20 y 25 a\u00f1os de edad al morir.<\/p>\n\n\n\n<figure class=\"wp-block-embed is-type-rich is-provider-twitter wp-block-embed-twitter\"><div class=\"wp-block-embed__wrapper\">\n<blockquote class=\"twitter-tweet\" data-width=\"500\" data-dnt=\"true\"><p lang=\"es\" dir=\"ltr\"><a href=\"https:\/\/twitter.com\/hashtag\/%C3%9ALTIMAHORA?src=hash&amp;ref_src=twsrc%5Etfw\">#\u00daLTIMAHORA<\/a> \ud83d\udce2 El INAH traslada f\u00f3siles humanos, recuperados en Quintana Roo para estudios de Antropolog\u00eda F\u00edsica<br><br>Es un adulto masculino de entre 20 y 25 a\u00f1os de edad al morir, de complexi\u00f3n muy delgada; tambi\u00e9n se traslad\u00f3 un cr\u00e1neo femenino<br><br>Ent\u00e9rate: <a href=\"https:\/\/t.co\/jhU86Kr2Mx\">https:\/\/t.co\/jhU86Kr2Mx<\/a> <a href=\"https:\/\/t.co\/5dNchmfsLc\">pic.twitter.com\/5dNchmfsLc<\/a><\/p>&mdash; INAH (@INAHmx) <a href=\"https:\/\/twitter.com\/INAHmx\/status\/2038697140071911755?ref_src=twsrc%5Etfw\">March 30, 2026<\/a><\/blockquote><script async src=\"https:\/\/platform.twitter.com\/widgets.js\" charset=\"utf-8\"><\/script>\n<\/div><\/figure>\n\n\n\n<p>Asimismo, <strong>el especialista calcula que fue recuperado 40 por ciento del esqueleto, con partes del cr\u00e1neo, algunas costillas y v\u00e9rtebras<\/strong>, las clav\u00edculas, el om\u00f3plato derecho, fragmentos del coxal y de huesos largos de extremidades inferiores y superiores.<\/p>\n\n\n\n<p>Eso no es todo, <strong>con el f\u00f3sil masculino lleg\u00f3 un cr\u00e1neo femenino<\/strong>, tambi\u00e9n recuperado durante la misma exploraci\u00f3n. <strong>El experto confirm\u00f3 que se trata de una mujer de entre 35 y 45 a\u00f1os de edad al morir<\/strong>, con mala alimentaci\u00f3n; aunque cuenta con la mand\u00edbula ya no tiene dientes. <strong>Ser\u00e1 sometido a estudios osteom\u00e9tricos<\/strong>, para tener una aproximaci\u00f3n a sus caracter\u00edsticas f\u00edsicas y definir una posible filiaci\u00f3n \u00e9tnica.<\/p>\n","protected":false},"excerpt":{"rendered":"<p>El f\u00f3sil humano reportado en 2022 y recuperado a finales de 2025, en el sistema de r\u00edos subterr\u00e1neos Sac Actun, en Quintana Roo, fue trasladado por la Direcci\u00f3n de Estudios Arqueol\u00f3gicos (DEA) del Instituto Nacional de Antropolog\u00eda e Historia (INAH), a la Secci\u00f3n de Bioarqueolog\u00eda de la Direcci\u00f3n de Salvamento Arqueol\u00f3gico, en la Ciudad de [&hellip;]<\/p>\n","protected":false},"author":3,"featured_media":146,"comment_status":"open","ping_status":"open","sticky":false,"template":"","format":"standard","meta":{"footnotes":""},"categories":[1],"tags":[],"class_list":["post-145","post","type-post","status-publish","format-standard","has-post-thumbnail","hentry","category-uncategorized"],"_links":{"self":[{"href":"https:\/\/ba-k.lakteo.com\/index.php\/wp-json\/wp\/v2\/posts\/145","targetHints":{"allow":["GET"]}}],"collection":[{"href":"https:\/\/ba-k.lakteo.com\/index.php\/wp-json\/wp\/v2\/posts"}],"about":[{"href":"https:\/\/ba-k.lakteo.com\/index.php\/wp-json\/wp\/v2\/types\/post"}],"author":[{"embeddable":true,"href":"https:\/\/ba-k.lakteo.com\/index.php\/wp-json\/wp\/v2\/users\/3"}],"replies":[{"embeddable":true,"href":"https:\/\/ba-k.lakteo.com\/index.php\/wp-json\/wp\/v2\/comments?post=145"}],"version-history":[{"count":1,"href":"https:\/\/ba-k.lakteo.com\/index.php\/wp-json\/wp\/v2\/posts\/145\/revisions"}],"predecessor-version":[{"id":147,"href":"https:\/\/ba-k.lakteo.com\/index.php\/wp-json\/wp\/v2\/posts\/145\/revisions\/147"}],"wp:featuredmedia":[{"embeddable":true,"href":"https:\/\/ba-k.lakteo.com\/index.php\/wp-json\/wp\/v2\/media\/146"}],"wp:attachment":[{"href":"https:\/\/ba-k.lakteo.com\/index.php\/wp-json\/wp\/v2\/media?parent=145"}],"wp:term":[{"taxonomy":"category","embeddable":true,"href":"https:\/\/ba-k.lakteo.com\/index.php\/wp-json\/wp\/v2\/categories?post=145"},{"taxonomy":"post_tag","embeddable":true,"href":"https:\/\/ba-k.lakteo.com\/index.php\/wp-json\/wp\/v2\/tags?post=145"}],"curies":[{"name":"wp","href":"https:\/\/api.w.org\/{rel}","templated":true}]}}