{"id":148,"date":"2026-04-01T22:56:14","date_gmt":"2026-04-01T22:56:14","guid":{"rendered":"https:\/\/ba-k.lakteo.com\/?p=148"},"modified":"2026-04-01T22:56:14","modified_gmt":"2026-04-01T22:56:14","slug":"cuatro-astronautas-emprenden-viaje-historico-al-espacio","status":"publish","type":"post","link":"https:\/\/ba-k.lakteo.com\/index.php\/2026\/04\/01\/cuatro-astronautas-emprenden-viaje-historico-al-espacio\/","title":{"rendered":"Cuatro astronautas emprenden viaje hist\u00f3rico al espacio"},"content":{"rendered":"\n<p>Minutos despu\u00e9s de las 4:30 p.m, hora M\u00e9xico, de este martes 1 de abril <strong>la Misi\u00f3n Artemis II despeg\u00f3 desde el Centro Espacial Kennedy en Cabo Ca\u00f1averal, Florida.<\/strong><\/p>\n\n\n\n<p>Este viaje <strong>es la primera misi\u00f3n tripulada de sobrevuelo lunar, es decir, no habr\u00e1 alunizaje,<\/strong> sin embargo, eso no reduce su importancia, ya que su objetivo principal es probar la nave Orion tripulaci\u00f3n humana y validar sistemas de soporte vital, navegaci\u00f3n y comunicaciones.<\/p>\n\n\n\n<p><strong>La nave viajar\u00e1 en una trayectoria de \u201cida y vuelta\u201d, pasando por la cara oculta de la Luna<\/strong> y regresar\u00e1 sin necesidad de entrar en \u00f3rbita lunar.<\/p>\n\n\n\n<p><strong>La misi\u00f3n se encuentra bajo las \u00f3rdenes del Comandante Reid Wiseman, el piloto Victor Glover acompa\u00f1ados por Christina Koch, especialista de misi\u00f3n de la NASA y por el canadiense Jeremy Hansen quien tambi\u00e9n es especialista de misi\u00f3n.<\/strong><\/p>\n\n\n\n<figure class=\"wp-block-embed is-type-rich is-provider-twitter wp-block-embed-twitter\"><div class=\"wp-block-embed__wrapper\">\n<blockquote class=\"twitter-tweet\" data-width=\"500\" data-dnt=\"true\"><p lang=\"es\" dir=\"ltr\">\u00bfYa tienes plan para ver el despegue de <a href=\"https:\/\/twitter.com\/NASAArtemis?ref_src=twsrc%5Etfw\">@NASAArtemis<\/a> II? <br><br>Acomp\u00e1\u00f1anos hoy, 1 de abril, en nuestra transmisi\u00f3n en vivo aqu\u00ed en X y en espa\u00f1ol a las 4:45 p.m. EDT. Si vas a ver el lanzamiento de esta misi\u00f3n hist\u00f3rica en compa\u00f1\u00eda, \u00a1cu\u00e9ntanos con qui\u00e9n lo ver\u00e1s! <a href=\"https:\/\/t.co\/UKhMvSNWGN\">pic.twitter.com\/UKhMvSNWGN<\/a><\/p>&mdash; NASA en espa\u00f1ol (@NASA_es) <a href=\"https:\/\/twitter.com\/NASA_es\/status\/2039365498379403603?ref_src=twsrc%5Etfw\">April 1, 2026<\/a><\/blockquote><script async src=\"https:\/\/platform.twitter.com\/widgets.js\" charset=\"utf-8\"><\/script>\n<\/div><\/figure>\n\n\n\n<p>Este equipo no s\u00f3lo es parte de un primer viaje para <em>\u201cdar la vuelta a la Luna\u201d,<\/em> sino que tambi\u00e9n marcar\u00e1 hitos hist\u00f3ricos, pues <strong>es la primera vez que una mujer, una persona afrodescendiente y un astronauta no estadounidense viajen al espacio profundo<\/strong>.<\/p>\n\n\n\n<p>La misi\u00f3n <strong>tendr\u00e1 una duraci\u00f3n aproximada de 10 d\u00edas desde el lanzamiento hasta el regreso a la Tierra<\/strong>. Durante ese tiempo, los austronautas dedicar\u00e1n los primeros dos d\u00edas a realizar pruebas y revisasi\u00f3n de la Nave Ori\u00f3n; posteriormente emprender\u00e1n el viaje a la Luna saliendo de la \u00f3rbita terrestre.<\/p>\n\n\n\n<p><strong>El tiempo de ida ser\u00e1 de 4 d\u00edas<\/strong>, el sobrevuelo lunar ocurrir\u00e1 a mitad de la misi\u00f3n. Este punto es clave<strong>: la nave entrar\u00e1 en una trayectoria de <em>\u201cretorno libre\u201d<\/em><\/strong><em>,<\/em> lo que significa que <strong>la gravedad de la Luna la impulsar\u00e1 de regreso a la Tierra<\/strong> sin necesidad de grandes maniobras.<\/p>\n\n\n\n<figure class=\"wp-block-embed is-type-rich is-provider-twitter wp-block-embed-twitter\"><div class=\"wp-block-embed__wrapper\">\n<blockquote class=\"twitter-tweet\" data-width=\"500\" data-dnt=\"true\"><p lang=\"es\" dir=\"ltr\">La nave espacial Orion ser\u00e1 el hogar de la tripulaci\u00f3n de <a href=\"https:\/\/twitter.com\/NASAArtemis?ref_src=twsrc%5Etfw\">@NASAArtemis<\/a> II en su viaje alrededor de la Luna. <br><br>En este video, Luis Saucedo, subdirector de los m\u00f3dulos de tripulaci\u00f3n y servicio de Orion, te cuenta sobre los componentes de esta nave espacial. <a href=\"https:\/\/t.co\/qL9mhw2O4B\">pic.twitter.com\/qL9mhw2O4B<\/a><\/p>&mdash; NASA en espa\u00f1ol (@NASA_es) <a href=\"https:\/\/twitter.com\/NASA_es\/status\/2037281065899897259?ref_src=twsrc%5Etfw\">March 26, 2026<\/a><\/blockquote><script async src=\"https:\/\/platform.twitter.com\/widgets.js\" charset=\"utf-8\"><\/script>\n<\/div><\/figure>\n\n\n\n<p>El SLS reingresar\u00e1 y amerizar\u00e1 en el oc\u00e9ano tras cuatro d\u00edas m\u00e1s del viaje de retorno.<\/p>\n\n\n\n<p>El recorrido de <strong>Artemis II marca un antecedente para futuras misiones<\/strong> impulsar\u00e1n la investigaci\u00f3n cient\u00edfica en suelo lunar, como la <strong>Artemis III prevista para despegar en el 2027.<\/strong><\/p>\n","protected":false},"excerpt":{"rendered":"<p>Minutos despu\u00e9s de las 4:30 p.m, hora M\u00e9xico, de este martes 1 de abril la Misi\u00f3n Artemis II despeg\u00f3 desde el Centro Espacial Kennedy en Cabo Ca\u00f1averal, Florida. Este viaje es la primera misi\u00f3n tripulada de sobrevuelo lunar, es decir, no habr\u00e1 alunizaje, sin embargo, eso no reduce su importancia, ya que su objetivo principal [&hellip;]<\/p>\n","protected":false},"author":3,"featured_media":149,"comment_status":"open","ping_status":"open","sticky":false,"template":"","format":"standard","meta":{"footnotes":""},"categories":[1],"tags":[],"class_list":["post-148","post","type-post","status-publish","format-standard","has-post-thumbnail","hentry","category-uncategorized"],"_links":{"self":[{"href":"https:\/\/ba-k.lakteo.com\/index.php\/wp-json\/wp\/v2\/posts\/148","targetHints":{"allow":["GET"]}}],"collection":[{"href":"https:\/\/ba-k.lakteo.com\/index.php\/wp-json\/wp\/v2\/posts"}],"about":[{"href":"https:\/\/ba-k.lakteo.com\/index.php\/wp-json\/wp\/v2\/types\/post"}],"author":[{"embeddable":true,"href":"https:\/\/ba-k.lakteo.com\/index.php\/wp-json\/wp\/v2\/users\/3"}],"replies":[{"embeddable":true,"href":"https:\/\/ba-k.lakteo.com\/index.php\/wp-json\/wp\/v2\/comments?post=148"}],"version-history":[{"count":1,"href":"https:\/\/ba-k.lakteo.com\/index.php\/wp-json\/wp\/v2\/posts\/148\/revisions"}],"predecessor-version":[{"id":150,"href":"https:\/\/ba-k.lakteo.com\/index.php\/wp-json\/wp\/v2\/posts\/148\/revisions\/150"}],"wp:featuredmedia":[{"embeddable":true,"href":"https:\/\/ba-k.lakteo.com\/index.php\/wp-json\/wp\/v2\/media\/149"}],"wp:attachment":[{"href":"https:\/\/ba-k.lakteo.com\/index.php\/wp-json\/wp\/v2\/media?parent=148"}],"wp:term":[{"taxonomy":"category","embeddable":true,"href":"https:\/\/ba-k.lakteo.com\/index.php\/wp-json\/wp\/v2\/categories?post=148"},{"taxonomy":"post_tag","embeddable":true,"href":"https:\/\/ba-k.lakteo.com\/index.php\/wp-json\/wp\/v2\/tags?post=148"}],"curies":[{"name":"wp","href":"https:\/\/api.w.org\/{rel}","templated":true}]}}