{"id":155,"date":"2026-04-06T22:23:28","date_gmt":"2026-04-06T22:23:28","guid":{"rendered":"https:\/\/ba-k.lakteo.com\/?p=155"},"modified":"2026-04-06T22:23:28","modified_gmt":"2026-04-06T22:23:28","slug":"caso-leyla-homicidio-entre-amigas","status":"publish","type":"post","link":"https:\/\/ba-k.lakteo.com\/index.php\/2026\/04\/06\/caso-leyla-homicidio-entre-amigas\/","title":{"rendered":"Caso Leyla: homicidio entre \u201camigas\u201d"},"content":{"rendered":"\n<p>El nombre de <strong>Leyla Monserrat<\/strong> se ha vuelto viral en las \u00faltimas horas debido a <strong>un video que circula en redes sociales donde se detalla el homicidio de la joven a manos de dos adolescentes de 13 y 15 a\u00f1os de edad.<\/strong><\/p>\n\n\n\n<p>En alrededor de tres minutos, el clip describe c\u00f3mo una joven, en este caso Leyla, se encuentra sentada en una silla con lo ojos vendados mientras <strong>dos j\u00f3venes le rodean el cuello con una cuerda para posteriormente jalar fuertemente cada extremo hasta dejar sin aliento a la menor.<\/strong><\/p>\n\n\n\n<p>Si bien este ya es un caso indignante, <strong>la sentencia determinada por las autoridades se ha tomado como una burla a la vida de la joven<\/strong>. Pero antes de adentrarnos en las determinaciones finales, hay que desarrollar c\u00f3mo sucedieron los hechos.<\/p>\n\n\n\n<figure class=\"wp-block-embed is-type-rich is-provider-twitter wp-block-embed-twitter\"><div class=\"wp-block-embed__wrapper\">\n<blockquote class=\"twitter-tweet\" data-width=\"500\" data-dnt=\"true\"><p lang=\"es\" dir=\"ltr\">INDIGNACI\u00d3N EN SONORA:<br><br> Leyla Monserrat, de 15 a\u00f1os, fue asesinada por dos adolescentes en Sonoyta. El crimen fue grabado y confesaron que fue por &quot;envidia&quot;. <br><br>Las sentencias (2 a\u00f1os de internamiento y libertad asistida) y la indemnizaci\u00f3n de $5,657 pesos han causado furia. \ud83e\uddf5\ud83d\udc47\u2026 <a href=\"https:\/\/t.co\/LfO3TGTciX\">pic.twitter.com\/LfO3TGTciX<\/a><\/p>&mdash; News Day Mundo (@NewsDayMundo) <a href=\"https:\/\/twitter.com\/NewsDayMundo\/status\/2040972164673806461?ref_src=twsrc%5Etfw\">April 6, 2026<\/a><\/blockquote><script async src=\"https:\/\/platform.twitter.com\/widgets.js\" charset=\"utf-8\"><\/script>\n<\/div><\/figure>\n\n\n\n<p><strong>Todo se remonta al 25 de septiembre de 2025 en el estado de Sonora<\/strong>, fecha en la que <strong>Leyla fue reportada como desaparecida<\/strong> por sus familiares<strong>. El 2 de octubre su cuerpo fue localizado enterrado al interior de un predio. Para el 10 de octubre, las autoridades del Estado determinaron que la muerte de la menos se produjo por asfixia mec\u00e1nica.<\/strong><\/p>\n\n\n\n<p>La cronolog\u00eda revelada por medios locales indica que Leyla hab\u00eda ido a una fiesta con su familia, posteriormente, de camino a casa, se vio con una de sus amigas quien la convenci\u00f3 de visitar a la otra con el pretexto de entregarle un obsequio, pues poco antes del encuentro hab\u00edan discutido.<\/p>\n\n\n\n<p>Leyla confi\u00f3 en la palabra de su amiga y acudi\u00f3 a la casa, lugar del que no sali\u00f3 con vida. Tanto la madre como diversas versiones indican que las menores hab\u00edan tenido malos entendidos tiempo atr\u00e1s y se hab\u00edan distanciado al mismo tiempo que las ahora homicidas le hab\u00edan hecho bullying a la fallecida por su color de piel.<\/p>\n\n\n\n<p>Conforme a los avances en<strong> la investigaci\u00f3n, se demostr\u00f3 que precisamente estas dos adolescentes las responsables<\/strong>, no un individuo identificado como <em>El Kalusha<\/em> como se hab\u00eda mencionado de manera preliminar.<\/p>\n\n\n\n<figure class=\"wp-block-embed is-type-rich is-provider-twitter wp-block-embed-twitter\"><div class=\"wp-block-embed__wrapper\">\n<blockquote class=\"twitter-tweet\" data-width=\"500\" data-dnt=\"true\"><p lang=\"es\" dir=\"ltr\">Esclarece FGJES feminicidio de menor de identidad reservada de iniciales L. M. L. B. en Sonoyta<br><br>\u2022\u2060  \u2060Investigaci\u00f3n cient\u00edfica permiti\u00f3 identificar y detener a dos probables responsables<br><br>Bolet\u00edn completo: <a href=\"https:\/\/t.co\/0CCBYrNoDJ\">https:\/\/t.co\/0CCBYrNoDJ<\/a> <a href=\"https:\/\/t.co\/dUvUCLvuD1\">pic.twitter.com\/dUvUCLvuD1<\/a><\/p>&mdash; Fiscal\u00eda de Sonora (@fgjesonora) <a href=\"https:\/\/twitter.com\/fgjesonora\/status\/1976786631039631678?ref_src=twsrc%5Etfw\">October 10, 2025<\/a><\/blockquote><script async src=\"https:\/\/platform.twitter.com\/widgets.js\" charset=\"utf-8\"><\/script>\n<\/div><\/figure>\n\n\n\n<p>Una vez con todos los detalles y supuestos materiales utilizados en el crimen obtenidos tras un cateo en la vivienda donde localizaron el cuerpo, <strong>la Fiscal\u00eda impuso a principios de abril de 2026 un sentencia de dos a\u00f1os y diez meses de internamiento para una de las responsables, mientras que la otra pasar\u00e1 11 meses en libertad asistida y pagar\u00e1 una multa de 5,657 pesos como reparaci\u00f3n del da\u00f1o.<\/strong><\/p>\n\n\n\n<p>Esta fue la determinaci\u00f3n que ha causado m\u00e1s revuelo e indignaci\u00f3n en la comunidad en general debido a la m\u00ednima pena que deber\u00e1n cumplir por un asesinato. A pesar de las inconformidades, las autoridades han detallado que la Ley estipula el tiempo que los menores de edad deber\u00e1n pasar reclu\u00eddos.<\/p>\n\n\n\n<p><strong>Carmen Becerra, madre de la hoy fallecida, recibi\u00f3 de manera an\u00f3nima el video en el que se muestra c\u00f3mo le quitaron la vida a su hija, por lo que pretende con esto se realice una revisi\u00f3n de la sentencia <\/strong>y que las responsables no queden en libertad con facilidad.<\/p>\n","protected":false},"excerpt":{"rendered":"<p>El nombre de Leyla Monserrat se ha vuelto viral en las \u00faltimas horas debido a un video que circula en redes sociales donde se detalla el homicidio de la joven a manos de dos adolescentes de 13 y 15 a\u00f1os de edad. En alrededor de tres minutos, el clip describe c\u00f3mo una joven, en este [&hellip;]<\/p>\n","protected":false},"author":3,"featured_media":156,"comment_status":"open","ping_status":"open","sticky":false,"template":"","format":"standard","meta":{"footnotes":""},"categories":[1],"tags":[],"class_list":["post-155","post","type-post","status-publish","format-standard","has-post-thumbnail","hentry","category-uncategorized"],"_links":{"self":[{"href":"https:\/\/ba-k.lakteo.com\/index.php\/wp-json\/wp\/v2\/posts\/155","targetHints":{"allow":["GET"]}}],"collection":[{"href":"https:\/\/ba-k.lakteo.com\/index.php\/wp-json\/wp\/v2\/posts"}],"about":[{"href":"https:\/\/ba-k.lakteo.com\/index.php\/wp-json\/wp\/v2\/types\/post"}],"author":[{"embeddable":true,"href":"https:\/\/ba-k.lakteo.com\/index.php\/wp-json\/wp\/v2\/users\/3"}],"replies":[{"embeddable":true,"href":"https:\/\/ba-k.lakteo.com\/index.php\/wp-json\/wp\/v2\/comments?post=155"}],"version-history":[{"count":1,"href":"https:\/\/ba-k.lakteo.com\/index.php\/wp-json\/wp\/v2\/posts\/155\/revisions"}],"predecessor-version":[{"id":157,"href":"https:\/\/ba-k.lakteo.com\/index.php\/wp-json\/wp\/v2\/posts\/155\/revisions\/157"}],"wp:featuredmedia":[{"embeddable":true,"href":"https:\/\/ba-k.lakteo.com\/index.php\/wp-json\/wp\/v2\/media\/156"}],"wp:attachment":[{"href":"https:\/\/ba-k.lakteo.com\/index.php\/wp-json\/wp\/v2\/media?parent=155"}],"wp:term":[{"taxonomy":"category","embeddable":true,"href":"https:\/\/ba-k.lakteo.com\/index.php\/wp-json\/wp\/v2\/categories?post=155"},{"taxonomy":"post_tag","embeddable":true,"href":"https:\/\/ba-k.lakteo.com\/index.php\/wp-json\/wp\/v2\/tags?post=155"}],"curies":[{"name":"wp","href":"https:\/\/api.w.org\/{rel}","templated":true}]}}