{"id":158,"date":"2026-04-06T23:33:12","date_gmt":"2026-04-06T23:33:12","guid":{"rendered":"https:\/\/ba-k.lakteo.com\/?p=158"},"modified":"2026-04-06T23:33:12","modified_gmt":"2026-04-06T23:33:12","slug":"orquesta-filarmonica-alista-segunda-parte-de-la-temporada-2026","status":"publish","type":"post","link":"https:\/\/ba-k.lakteo.com\/index.php\/2026\/04\/06\/orquesta-filarmonica-alista-segunda-parte-de-la-temporada-2026\/","title":{"rendered":"Orquesta Filarm\u00f3nica alista segunda parte de la temporada 2026"},"content":{"rendered":"\n<p>La <strong>Orquesta Filarm\u00f3nica de la Ciudad de M\u00e9xico<\/strong> (OFCM), aliata la segunda parte de su temporada 2026 en la que <strong>ofrecer\u00e1 11 conciertos que incluyen una Gala de \u00d3pera.<\/strong><\/p>\n\n\n\n<p>La una programaci\u00f3n <strong>contar\u00e1 con la participaci\u00f3n de directoras y directores invitados, presentaciones Solistas OFCM<\/strong>, una clase magistral de direcci\u00f3n de orquesta y M\u00fasica de C\u00e1mara.<\/p>\n\n\n\n<p>El p\u00fablico podr\u00e1 disfrutar de estas Galas <strong>a partir del s\u00e1bado 18 de abril hasta el domingo 28 de junio, en la Sala Silvestre Revueltas del Centro Cultural Ollin Yoliztli.<\/strong><\/p>\n\n\n\n<p>El primer programa se llevar\u00e1 a cabo el s\u00e1bado 18 y domingo 19 de abril bajo la batuta del maestro <em>Scott Yoo<\/em>, director art\u00edstico y principal de la orquesta.&nbsp;<\/p>\n\n\n\n<figure class=\"wp-block-embed is-type-rich is-provider-twitter wp-block-embed-twitter\"><div class=\"wp-block-embed__wrapper\">\n<blockquote class=\"twitter-tweet\" data-width=\"500\" data-dnt=\"true\"><p lang=\"es\" dir=\"ltr\">Anuncia Orquesta Filarm\u00f3nica de la Ciudad de M\u00e9xico segunda parte de su temporada 2026 con 11 programas de conciertos <a href=\"https:\/\/twitter.com\/ClaraBrugadaM?ref_src=twsrc%5Etfw\">@ClaraBrugadaM<\/a> <a href=\"https:\/\/twitter.com\/hashtag\/Peri%C3%B3dicoRegeneraci%C3%B3n?src=hash&amp;ref_src=twsrc%5Etfw\">#Peri\u00f3dicoRegeneraci\u00f3n<\/a> <a href=\"https:\/\/t.co\/wyOAs6EY7Y\">https:\/\/t.co\/wyOAs6EY7Y<\/a> <a href=\"https:\/\/t.co\/y2WTII3NEi\">pic.twitter.com\/y2WTII3NEi<\/a><\/p>&mdash; Regeneraci\u00f3n Pluralidad (@MxRegeneracion) <a href=\"https:\/\/twitter.com\/MxRegeneracion\/status\/2041244998654464286?ref_src=twsrc%5Etfw\">April 6, 2026<\/a><\/blockquote><script async src=\"https:\/\/platform.twitter.com\/widgets.js\" charset=\"utf-8\"><\/script>\n<\/div><\/figure>\n\n\n\n<p>Como parte del programa Solistas OFCM, los conciertos del siguiente fin de semana, <strong>del s\u00e1bado 25 y domingo 26 de abril,<\/strong> estar\u00e1n dirigidos <strong>por la maestra Ligia Amadio<\/strong>, con la participaci\u00f3n de Obed Isa\u00ed V\u00e1squez, corno.<\/p>\n\n\n\n<p>Un d\u00eda antes de estas presentaciones, el viernes 24 de abril, la maestra Ligia Amadio impartir\u00e1 una<strong> Clase Magistral de Direcci\u00f3n de orquesta, <\/strong>dirigida a profesionales y estudiantes de nivel avanzado.\u00a0<\/p>\n\n\n\n<p>Adem\u00e1s, <strong>con &nbsp;motivo del D\u00eda de las Madres, el maestro Ra\u00fal Delgado ser\u00e1 el encargado de dirigir un concierto el s\u00e1bado 9 de mayo en el que se interpretar\u00e1 una Gala de \u00d3pera,<\/strong> en colaboraci\u00f3n con el Estudio de \u00d3pera de Bellas Artes.<\/p>\n\n\n\n<p>Para el s\u00e1bado 30 y domingo 31 de mayo, nuevamente estar\u00e1 al frente de la agrupaci\u00f3n el director Ricardo Casero en el programa integrado por Obertura de Grazyna Bacewicz; Serenata no. 2 de Johannes Brahms y Aus Italien (Desde Italia) de Richard Strauss.<\/p>\n\n\n\n<p>Los conciertos podr\u00e1n disfrutarse<strong> todos los s\u00e1bados a las 18 horas y los domingos a las 12:30 horas<\/strong>, la direcci\u00f3n exacta de la Sala es: Perif\u00e9rico Sur 5141, Colonia Isidro Fabela, Tlalpan.<\/p>\n","protected":false},"excerpt":{"rendered":"<p>La Orquesta Filarm\u00f3nica de la Ciudad de M\u00e9xico (OFCM), aliata la segunda parte de su temporada 2026 en la que ofrecer\u00e1 11 conciertos que incluyen una Gala de \u00d3pera. La una programaci\u00f3n contar\u00e1 con la participaci\u00f3n de directoras y directores invitados, presentaciones Solistas OFCM, una clase magistral de direcci\u00f3n de orquesta y M\u00fasica de C\u00e1mara. [&hellip;]<\/p>\n","protected":false},"author":3,"featured_media":159,"comment_status":"open","ping_status":"open","sticky":false,"template":"","format":"standard","meta":{"footnotes":""},"categories":[1],"tags":[],"class_list":["post-158","post","type-post","status-publish","format-standard","has-post-thumbnail","hentry","category-uncategorized"],"_links":{"self":[{"href":"https:\/\/ba-k.lakteo.com\/index.php\/wp-json\/wp\/v2\/posts\/158","targetHints":{"allow":["GET"]}}],"collection":[{"href":"https:\/\/ba-k.lakteo.com\/index.php\/wp-json\/wp\/v2\/posts"}],"about":[{"href":"https:\/\/ba-k.lakteo.com\/index.php\/wp-json\/wp\/v2\/types\/post"}],"author":[{"embeddable":true,"href":"https:\/\/ba-k.lakteo.com\/index.php\/wp-json\/wp\/v2\/users\/3"}],"replies":[{"embeddable":true,"href":"https:\/\/ba-k.lakteo.com\/index.php\/wp-json\/wp\/v2\/comments?post=158"}],"version-history":[{"count":1,"href":"https:\/\/ba-k.lakteo.com\/index.php\/wp-json\/wp\/v2\/posts\/158\/revisions"}],"predecessor-version":[{"id":160,"href":"https:\/\/ba-k.lakteo.com\/index.php\/wp-json\/wp\/v2\/posts\/158\/revisions\/160"}],"wp:featuredmedia":[{"embeddable":true,"href":"https:\/\/ba-k.lakteo.com\/index.php\/wp-json\/wp\/v2\/media\/159"}],"wp:attachment":[{"href":"https:\/\/ba-k.lakteo.com\/index.php\/wp-json\/wp\/v2\/media?parent=158"}],"wp:term":[{"taxonomy":"category","embeddable":true,"href":"https:\/\/ba-k.lakteo.com\/index.php\/wp-json\/wp\/v2\/categories?post=158"},{"taxonomy":"post_tag","embeddable":true,"href":"https:\/\/ba-k.lakteo.com\/index.php\/wp-json\/wp\/v2\/tags?post=158"}],"curies":[{"name":"wp","href":"https:\/\/api.w.org\/{rel}","templated":true}]}}