{"id":17,"date":"2026-03-02T23:54:06","date_gmt":"2026-03-02T23:54:06","guid":{"rendered":"https:\/\/ba-k.lakteo.com\/?p=17"},"modified":"2026-03-02T23:54:06","modified_gmt":"2026-03-02T23:54:06","slug":"es-esta-noche-no-te-pierdas-el-eclipse-total-de-luna","status":"publish","type":"post","link":"https:\/\/ba-k.lakteo.com\/index.php\/2026\/03\/02\/es-esta-noche-no-te-pierdas-el-eclipse-total-de-luna\/","title":{"rendered":"\u00a1Es esta noche! No te pierdas el Eclipse total de Luna"},"content":{"rendered":"\n<p>Durante las primeras horas del 3 del martes tres de marzo, la luna se pintar\u00e1 de color rojo debido a un ecplise total de luna que se presentar\u00e1 alrededor de las 2:00 hrs.&nbsp;<\/p>\n\n\n\n<p>Este fen\u00f3meno consiste en la alineaci\u00f3n del sol, la Tierra y la luna originado por el fen\u00f3meno de traslaci\u00f3n,<strong> la tierra se interpondr\u00e1 entre el sol y la luna bloqueando la luz directa del astro, <\/strong>por lo que llegar\u00e1 un peque\u00f1o color rojizo que iluminar\u00e1 el sat\u00e9lite de la tierra, mismo que se conoce como luna de sangre.\u00a0<\/p>\n\n\n\n<figure class=\"wp-block-embed is-type-rich is-provider-twitter wp-block-embed-twitter\"><div class=\"wp-block-embed__wrapper\">\n<blockquote class=\"twitter-tweet\" data-width=\"500\" data-dnt=\"true\"><p lang=\"es\" dir=\"ltr\">La Luna se te\u00f1ir\u00e1 de rojo \ud83d\udd34 <br><br>Un eclipse lunar total llega la madrugada del 3 de marzo. Pero \u00bfqu\u00e9 sucede durante un eclipse lunar total y c\u00f3mo nos ayuda este fen\u00f3meno a aprender m\u00e1s sobre nuestro sat\u00e9lite? Conoce las respuestas en este video. <a href=\"https:\/\/t.co\/CHHxERe7OE\">pic.twitter.com\/CHHxERe7OE<\/a><\/p>&mdash; NASA en espa\u00f1ol (@NASA_es) <a href=\"https:\/\/twitter.com\/NASA_es\/status\/2028568525896343757?ref_src=twsrc%5Etfw\">March 2, 2026<\/a><\/blockquote><script async src=\"https:\/\/platform.twitter.com\/widgets.js\" charset=\"utf-8\"><\/script>\n<\/div><\/figure>\n\n\n\n<p>Este tipo de espect\u00e1culos astron\u00f3micos constan de varias fases, entre las principales, las que marcan una diferencia, se encuentran:&nbsp;<\/p>\n\n\n\n<ol class=\"wp-block-list\">\n<li><strong>Fase Parcial:<\/strong> Comenzar\u00e1 alrededor de la 1:50 de esta madrugada y es el inicio del eclipse, justo cuando la luna comienza a oscurecerse por un costado.\u00a0<\/li>\n\n\n\n<li><strong>Punto m\u00e1ximo: <\/strong>Cuando la tierra se interpuso completamente y la Luna de Sangre llega al color rojo m\u00e1s intenso. Se prev\u00e9 que esta fase se origine entre las 3 y las 6 a.m y durar\u00e1 en promedio una hora.\u00a0<\/li>\n\n\n\n<li><strong>Fin de la totalidad:<\/strong> La sombra que origina la tierra comienza a desplazarse permitiendo que nuevamente la luz entre por completo en el sat\u00e9lite. Se prev\u00e9 que el fen\u00f3meno concluya en su totalidad antes de las 7:00 a.m.<\/li>\n<\/ol>\n\n\n\n<p>En la Rep\u00fablica Mexicana, el Eclipse podr\u00e1 visualizarse desde varios estados, los que tendr\u00e1n mejor visibilidad son Sonora, Chihuahua, Baja California, Puebla, Coahuila y Estado de M\u00e9xico.<\/p>\n\n\n\n<figure class=\"wp-block-image aligncenter size-full is-resized\"><img loading=\"lazy\" decoding=\"async\" width=\"168\" height=\"104\" src=\"https:\/\/ba-k.lakteo.com\/wp-content\/uploads\/2026\/03\/images-e1772495521990.jpeg\" alt=\"\" class=\"wp-image-19\" style=\"aspect-ratio:1.6154054934317663;width:341px;height:auto\" \/><\/figure>\n\n\n\n<h2 class=\"wp-block-heading\"><strong>Portal 333<\/strong><\/h2>\n\n\n\n<p>Adem\u00e1s de ser un fen\u00f3meno natural fascinante, el eclipse lunar total de este 2026 tiene una peculiaridad, s<strong>e originar\u00e1 el 3 de marzo y se espera alcance una parte de su m\u00e1ximo punto a las 3:33 a.m.<\/strong><\/p>\n\n\n\n<p>Cient\u00edficamente, no tiene un significado propio, sin embargo, en la numerolog\u00eda, la repetici\u00f3n <strong>del n\u00famero 3 representa la apertura energ\u00e9tica, una amplificaci\u00f3n de vibra<\/strong>s vinculada con la creatividad, la expansi\u00f3n espiritual y la manifestaci\u00f3n.\u00a0<\/p>\n\n\n\n<p>Adem\u00e1s, esta representaci\u00f3n en conjunto con el eclipse que se presenta cuando l<strong>a Luna transita por el signo virgo, representa tambi\u00e9n un orden en el caos<\/strong>, limpieza prioridad a la salud f\u00edsica y mental.\u00a0<\/p>\n\n\n\n<p>Si eres creyente en este tipo de energ\u00edas es momento que realices un ritual simb\u00f3lico para mantener la apertura a buenas vibras sin importar si eres Virgo o cualquier otro signo.<\/p>\n","protected":false},"excerpt":{"rendered":"<p>Durante las primeras horas del 3 del martes tres de marzo, la luna se pintar\u00e1 de color rojo debido a un ecplise total de luna que se presentar\u00e1 alrededor de las 2:00 hrs.&nbsp; Este fen\u00f3meno consiste en la alineaci\u00f3n del sol, la Tierra y la luna originado por el fen\u00f3meno de traslaci\u00f3n, la tierra se [&hellip;]<\/p>\n","protected":false},"author":3,"featured_media":18,"comment_status":"open","ping_status":"open","sticky":false,"template":"","format":"standard","meta":{"footnotes":""},"categories":[1],"tags":[],"class_list":["post-17","post","type-post","status-publish","format-standard","has-post-thumbnail","hentry","category-uncategorized"],"_links":{"self":[{"href":"https:\/\/ba-k.lakteo.com\/index.php\/wp-json\/wp\/v2\/posts\/17","targetHints":{"allow":["GET"]}}],"collection":[{"href":"https:\/\/ba-k.lakteo.com\/index.php\/wp-json\/wp\/v2\/posts"}],"about":[{"href":"https:\/\/ba-k.lakteo.com\/index.php\/wp-json\/wp\/v2\/types\/post"}],"author":[{"embeddable":true,"href":"https:\/\/ba-k.lakteo.com\/index.php\/wp-json\/wp\/v2\/users\/3"}],"replies":[{"embeddable":true,"href":"https:\/\/ba-k.lakteo.com\/index.php\/wp-json\/wp\/v2\/comments?post=17"}],"version-history":[{"count":1,"href":"https:\/\/ba-k.lakteo.com\/index.php\/wp-json\/wp\/v2\/posts\/17\/revisions"}],"predecessor-version":[{"id":20,"href":"https:\/\/ba-k.lakteo.com\/index.php\/wp-json\/wp\/v2\/posts\/17\/revisions\/20"}],"wp:featuredmedia":[{"embeddable":true,"href":"https:\/\/ba-k.lakteo.com\/index.php\/wp-json\/wp\/v2\/media\/18"}],"wp:attachment":[{"href":"https:\/\/ba-k.lakteo.com\/index.php\/wp-json\/wp\/v2\/media?parent=17"}],"wp:term":[{"taxonomy":"category","embeddable":true,"href":"https:\/\/ba-k.lakteo.com\/index.php\/wp-json\/wp\/v2\/categories?post=17"},{"taxonomy":"post_tag","embeddable":true,"href":"https:\/\/ba-k.lakteo.com\/index.php\/wp-json\/wp\/v2\/tags?post=17"}],"curies":[{"name":"wp","href":"https:\/\/api.w.org\/{rel}","templated":true}]}}