{"id":181,"date":"2026-04-09T23:06:01","date_gmt":"2026-04-09T23:06:01","guid":{"rendered":"https:\/\/ba-k.lakteo.com\/?p=181"},"modified":"2026-04-09T23:06:01","modified_gmt":"2026-04-09T23:06:01","slug":"cdmx-celebra-diversidad-linguistica-con-festival-en-el-zocalo","status":"publish","type":"post","link":"https:\/\/ba-k.lakteo.com\/index.php\/2026\/04\/09\/cdmx-celebra-diversidad-linguistica-con-festival-en-el-zocalo\/","title":{"rendered":"CDMX celebra diversidad ling\u00fc\u00edstica con festival en el Z\u00f3calo"},"content":{"rendered":"\n<p>La capital del pa\u00eds anunci\u00f3 el <strong><em>\u201cPrimer Festival Ciudad de M\u00e9xico, Coraz\u00f3n de las Lenguas y Culturas Ind\u00edgenas\u201d<\/em><\/strong> con el prop\u00f3sito <strong>de reconocer y enaltecer la diversidad ling\u00fc\u00edstica de la CDMX,<\/strong> donde se hablan 55 lenguas ind\u00edgenas de las 68 que hay en la Rep\u00fablica.<\/p>\n\n\n\n<p>Con un espacio para visibilizar y celebrar la diversidad cultural y ling\u00fc\u00edstica, el evento esta abierto desde el pasado 3 de abril en la plancha del Z\u00f3calo capitalino. El acceso ser\u00e1 completamente gratuito hasta el 12 de abril, d\u00eda en que cerrar\u00e1 sus puertas.<\/p>\n\n\n\n<p>El encuentro <strong>incluye un pabell\u00f3n ling\u00fc\u00edstico con charlas, talleres y debates sobre la situaci\u00f3n de las lenguas ind\u00edgenas<\/strong>, as\u00ed como un escenario principal con presentaciones de m\u00fasica tradicional y contempor\u00e1nea que reivindican su uso.<\/p>\n\n\n\n<figure class=\"wp-block-embed is-type-rich is-provider-twitter wp-block-embed-twitter\"><div class=\"wp-block-embed__wrapper\">\n<blockquote class=\"twitter-tweet\" data-width=\"500\" data-dnt=\"true\"><p lang=\"es\" dir=\"ltr\">Te invitamos del 4 al 12 de abril al Z\u00f3calo para asistir al Primer Festival &quot;Ciudad de M\u00e9xico, Coraz\u00f3n de las Lenguas y Culturas Ind\u00edgenas&quot; en donde habr\u00e1 talleres, ponencias, conversatorios y presentaci\u00f3n de editoriales.<br><br>Consulta la programaci\u00f3n completa aqu\u00ed:<br><br>\u00a1No faltes! <a href=\"https:\/\/t.co\/TpwFcrfuGi\">pic.twitter.com\/TpwFcrfuGi<\/a><\/p>&mdash; SEPI CDMX \/ Pueblos-Barrios-Comunidades Ind\u00edgenas (@SEPICDMX) <a href=\"https:\/\/twitter.com\/SEPICDMX\/status\/2040836867625558528?ref_src=twsrc%5Etfw\">April 5, 2026<\/a><\/blockquote><script async src=\"https:\/\/platform.twitter.com\/widgets.js\" charset=\"utf-8\"><\/script>\n<\/div><\/figure>\n\n\n\n<p>La secretaria de Turismo del estado de Hidalgo, Elizabeth Quintanar G\u00f3mez, quien acudi\u00f3 en representaci\u00f3n del gobernador de dicha entidad, se\u00f1al\u00f3 que e<strong>ste primer festival es un espacio que da voz, visibilidad y reconocimiento a las lenguas,<\/strong> una riqueza que por mucho tiempo fue invisibilizada y que <strong>hoy encuentran un espacio de di\u00e1logo expresi\u00f3n profundamente significativo en el Z\u00f3calo de la Ciudad de M\u00e9xico.<\/strong><\/p>\n\n\n\n<p>Adem\u00e1s de las actividades culturales tambi\u00e9n se podr\u00e1n encontrar artesan\u00edas y diversos productos fabricados por comunidades ind\u00edgenas que se podr\u00e1n adquirir ah\u00ed mismo. Este tipo de eventos est\u00e1n organizados para permitir el acceso al p\u00fablico en general.<\/p>\n","protected":false},"excerpt":{"rendered":"<p>La capital del pa\u00eds anunci\u00f3 el \u201cPrimer Festival Ciudad de M\u00e9xico, Coraz\u00f3n de las Lenguas y Culturas Ind\u00edgenas\u201d con el prop\u00f3sito de reconocer y enaltecer la diversidad ling\u00fc\u00edstica de la CDMX, donde se hablan 55 lenguas ind\u00edgenas de las 68 que hay en la Rep\u00fablica. Con un espacio para visibilizar y celebrar la diversidad cultural [&hellip;]<\/p>\n","protected":false},"author":3,"featured_media":182,"comment_status":"open","ping_status":"open","sticky":false,"template":"","format":"standard","meta":{"footnotes":""},"categories":[1],"tags":[],"class_list":["post-181","post","type-post","status-publish","format-standard","has-post-thumbnail","hentry","category-uncategorized"],"_links":{"self":[{"href":"https:\/\/ba-k.lakteo.com\/index.php\/wp-json\/wp\/v2\/posts\/181","targetHints":{"allow":["GET"]}}],"collection":[{"href":"https:\/\/ba-k.lakteo.com\/index.php\/wp-json\/wp\/v2\/posts"}],"about":[{"href":"https:\/\/ba-k.lakteo.com\/index.php\/wp-json\/wp\/v2\/types\/post"}],"author":[{"embeddable":true,"href":"https:\/\/ba-k.lakteo.com\/index.php\/wp-json\/wp\/v2\/users\/3"}],"replies":[{"embeddable":true,"href":"https:\/\/ba-k.lakteo.com\/index.php\/wp-json\/wp\/v2\/comments?post=181"}],"version-history":[{"count":1,"href":"https:\/\/ba-k.lakteo.com\/index.php\/wp-json\/wp\/v2\/posts\/181\/revisions"}],"predecessor-version":[{"id":183,"href":"https:\/\/ba-k.lakteo.com\/index.php\/wp-json\/wp\/v2\/posts\/181\/revisions\/183"}],"wp:featuredmedia":[{"embeddable":true,"href":"https:\/\/ba-k.lakteo.com\/index.php\/wp-json\/wp\/v2\/media\/182"}],"wp:attachment":[{"href":"https:\/\/ba-k.lakteo.com\/index.php\/wp-json\/wp\/v2\/media?parent=181"}],"wp:term":[{"taxonomy":"category","embeddable":true,"href":"https:\/\/ba-k.lakteo.com\/index.php\/wp-json\/wp\/v2\/categories?post=181"},{"taxonomy":"post_tag","embeddable":true,"href":"https:\/\/ba-k.lakteo.com\/index.php\/wp-json\/wp\/v2\/tags?post=181"}],"curies":[{"name":"wp","href":"https:\/\/api.w.org\/{rel}","templated":true}]}}