{"id":187,"date":"2026-04-10T21:45:55","date_gmt":"2026-04-10T21:45:55","guid":{"rendered":"https:\/\/ba-k.lakteo.com\/?p=187"},"modified":"2026-04-10T21:45:55","modified_gmt":"2026-04-10T21:45:55","slug":"principe-harry-es-demandado-por-su-propia-ong","status":"publish","type":"post","link":"https:\/\/ba-k.lakteo.com\/index.php\/2026\/04\/10\/principe-harry-es-demandado-por-su-propia-ong\/","title":{"rendered":"Pr\u00edncipe Harry es demandado por su propia ONG"},"content":{"rendered":"\n<p><strong>El Pr\u00edncipe Harry, hijo del Rey Carlos III del Reino Unido, recibi\u00f3 una demanda por parte de<\/strong> <strong><em>Senteable<\/em><\/strong>, su organizaci\u00f3n ben\u00e9fica instalada en \u00c1frica.<\/p>\n\n\n\n<p>El <strong>documento fue presentado el 24 de marzo ante el Tribunal Superior de Inglaterra<\/strong> en donde <strong>se le acusa al miembro de la realeza por difamaci\u00f3n verbal o escrita<\/strong>. En la acusaci\u00f3n tambi\u00e9n se menciona a Mark Dyer, ex oficial de la Guardia Real.<\/p>\n\n\n\n<p>Despu\u00e9s de que los documentos se filtraran de manera p\u00fablica, <strong>la misma ONG emiti\u00f3 un comunicado para confirmar que emprendieron acciones legales<\/strong> contra el duque de Sussex desde el pasado mes de marzo de 2025 despu\u00e9s de una <strong><em>\u201ccampa\u00f1a negativa\u201d<\/em><\/strong> que provoc\u00f3 <strong><em>\u201cda\u00f1os en la reputaci\u00f3n\u201d<\/em><\/strong> de <strong><em>Senteable<\/em><\/strong>.<\/p>\n\n\n\n<p>En la misiva, la Organizaci\u00f3n <strong>acus\u00f3 a Harry y Dyer de ser los responsables de dicha campa\u00f1a que ha generado gran da\u00f1o a los directivos<\/strong>, as\u00ed como una \u201coleada de ciberacoso\u201d.<\/p>\n\n\n\n<p><strong><em>Senteable<\/em><\/strong> es una organizaci\u00f3n creada en honor a la <strong>princesa Diana de Gales que se dedica a ayudar a las personas que padecen VIH en Botsuana y Lesoto<\/strong>. Los primeros desacuerdos internos salieron a la luz en 2023 despu\u00e9s de una campa\u00f1a de recaudaci\u00f3n de fondos en 2023.<\/p>\n\n\n\n<p>En la fecha se\u00f1alada por la ONG<strong>, marzo 2025, el pr\u00edncipe Harry y el pr\u00edncipe Seesio de Lesoto, cofundadores, se vieron orillados a salir de la organizaci\u00f3n <\/strong>por inconformidades por el manejo.<\/p>\n","protected":false},"excerpt":{"rendered":"<p>El Pr\u00edncipe Harry, hijo del Rey Carlos III del Reino Unido, recibi\u00f3 una demanda por parte de Senteable, su organizaci\u00f3n ben\u00e9fica instalada en \u00c1frica. El documento fue presentado el 24 de marzo ante el Tribunal Superior de Inglaterra en donde se le acusa al miembro de la realeza por difamaci\u00f3n verbal o escrita. En la [&hellip;]<\/p>\n","protected":false},"author":3,"featured_media":188,"comment_status":"open","ping_status":"open","sticky":false,"template":"","format":"standard","meta":{"footnotes":""},"categories":[1],"tags":[],"class_list":["post-187","post","type-post","status-publish","format-standard","has-post-thumbnail","hentry","category-uncategorized"],"_links":{"self":[{"href":"https:\/\/ba-k.lakteo.com\/index.php\/wp-json\/wp\/v2\/posts\/187","targetHints":{"allow":["GET"]}}],"collection":[{"href":"https:\/\/ba-k.lakteo.com\/index.php\/wp-json\/wp\/v2\/posts"}],"about":[{"href":"https:\/\/ba-k.lakteo.com\/index.php\/wp-json\/wp\/v2\/types\/post"}],"author":[{"embeddable":true,"href":"https:\/\/ba-k.lakteo.com\/index.php\/wp-json\/wp\/v2\/users\/3"}],"replies":[{"embeddable":true,"href":"https:\/\/ba-k.lakteo.com\/index.php\/wp-json\/wp\/v2\/comments?post=187"}],"version-history":[{"count":1,"href":"https:\/\/ba-k.lakteo.com\/index.php\/wp-json\/wp\/v2\/posts\/187\/revisions"}],"predecessor-version":[{"id":189,"href":"https:\/\/ba-k.lakteo.com\/index.php\/wp-json\/wp\/v2\/posts\/187\/revisions\/189"}],"wp:featuredmedia":[{"embeddable":true,"href":"https:\/\/ba-k.lakteo.com\/index.php\/wp-json\/wp\/v2\/media\/188"}],"wp:attachment":[{"href":"https:\/\/ba-k.lakteo.com\/index.php\/wp-json\/wp\/v2\/media?parent=187"}],"wp:term":[{"taxonomy":"category","embeddable":true,"href":"https:\/\/ba-k.lakteo.com\/index.php\/wp-json\/wp\/v2\/categories?post=187"},{"taxonomy":"post_tag","embeddable":true,"href":"https:\/\/ba-k.lakteo.com\/index.php\/wp-json\/wp\/v2\/tags?post=187"}],"curies":[{"name":"wp","href":"https:\/\/api.w.org\/{rel}","templated":true}]}}