{"id":194,"date":"2026-04-13T21:32:21","date_gmt":"2026-04-13T21:32:21","guid":{"rendered":"https:\/\/ba-k.lakteo.com\/?p=194"},"modified":"2026-04-13T21:32:21","modified_gmt":"2026-04-13T21:32:21","slug":"cdmx-busca-record-guinness-por-la-ola-mas-grande-del-mundo","status":"publish","type":"post","link":"https:\/\/ba-k.lakteo.com\/index.php\/2026\/04\/13\/cdmx-busca-record-guinness-por-la-ola-mas-grande-del-mundo\/","title":{"rendered":"CDMX busca R\u00e9cord Guinness por \u201cLa Ola M\u00e1s Grande del Mundo\u201d"},"content":{"rendered":"\n<p>La fiebre mundialista est\u00e1 inunda la Ciudad de M\u00e9xico, y es que a pocos meses de que comience <strong>la Copa del Mundo FIFA 2026<\/strong>, la capital busca imponer un <strong>R\u00e9cord Guinness<\/strong> por <strong><em>\u201cLa Ola M\u00e1s Grande del Mundo\u201d.<\/em><\/strong><\/p>\n\n\n\n<p>Para lograr su cometido, las autoridades de la Ciudad lanzaron una convocatoria al p\u00fablico en general para que se sumen a la iniciativa y ayuden a la Capital mundialista a hacer historia.<\/p>\n\n\n\n<p>El evento se&nbsp;llevar\u00e1 a cabo <strong>el pr\u00f3ximo 31 de mayo de 2026, a lo largo del corredor del Paseo de la Reforma, <\/strong>convirtiendo a la ciudad en un gran escenario de participaci\u00f3n colectiva y celebraci\u00f3n deportiva.<\/p>\n\n\n\n<figure class=\"wp-block-embed is-type-rich is-provider-twitter wp-block-embed-twitter\"><div class=\"wp-block-embed__wrapper\">\n<blockquote class=\"twitter-tweet\" data-width=\"500\" data-dnt=\"true\"><p lang=\"es\" dir=\"ltr\">\u00a1De la Ciudad de M\u00e9xico para el mundo! \ud83c\uddf2\ud83c\uddfd\ud83c\udf0d<br>La pelota vuelve a casa y la emoci\u00f3n de compartir un partido de futbol llega a calles de la capital con LA OLA M\u00c1S GRANDE DEL MUNDO.<br><br>\u00a1Hag\u00e1mosla r\u00e9cord mundial!\u26bd\ufe0f\u2728<br><br>\ud83d\udccdPaseo de la Reforma<br>\ud83d\uddd3\ufe0f31 de mayo<br>Registro:\ud83d\udc47<a href=\"https:\/\/t.co\/AZGlwKWD8Y\">https:\/\/t.co\/AZGlwKWD8Y<\/a> <a href=\"https:\/\/t.co\/EnNBO3uQRs\">pic.twitter.com\/EnNBO3uQRs<\/a><\/p>&mdash; Secretar\u00eda de Turismo de la Ciudad de M\u00e9xico (@turismocdmx) <a href=\"https:\/\/twitter.com\/turismocdmx\/status\/2042658594303185107?ref_src=twsrc%5Etfw\">April 10, 2026<\/a><\/blockquote><script async src=\"https:\/\/platform.twitter.com\/widgets.js\" charset=\"utf-8\"><\/script>\n<\/div><\/figure>\n\n\n\n<p>A lo largo del recorrido <strong>se dispondr\u00e1n m\u00faltiples puntos de acceso y espacios de atenci\u00f3n con servicios de hidrataci\u00f3n, registro, asistencia m\u00e9dica y apoyo log\u00edstico<\/strong> para garantizar una experiencia segura, incluyente y accesible para todas y todos.<\/p>\n\n\n\n<p>La participaci\u00f3n es gratuita y abierta a todas las personas. Los que est\u00e9n interesados en participar en la hist\u00f3rica haza\u00f1a <strong>pueden registrarse previamente en el formulario <\/strong>emitido por las autoridades, o bien, esperar al d\u00eda del evento y realizar un <strong>registro a trav\u00e9s de los C\u00f3digos QR que estar\u00e1n disponibles en los puntos de acceso.<\/strong><\/p>\n","protected":false},"excerpt":{"rendered":"<p>La fiebre mundialista est\u00e1 inunda la Ciudad de M\u00e9xico, y es que a pocos meses de que comience la Copa del Mundo FIFA 2026, la capital busca imponer un R\u00e9cord Guinness por \u201cLa Ola M\u00e1s Grande del Mundo\u201d. Para lograr su cometido, las autoridades de la Ciudad lanzaron una convocatoria al p\u00fablico en general para [&hellip;]<\/p>\n","protected":false},"author":3,"featured_media":195,"comment_status":"open","ping_status":"open","sticky":false,"template":"","format":"standard","meta":{"footnotes":""},"categories":[1],"tags":[],"class_list":["post-194","post","type-post","status-publish","format-standard","has-post-thumbnail","hentry","category-uncategorized"],"_links":{"self":[{"href":"https:\/\/ba-k.lakteo.com\/index.php\/wp-json\/wp\/v2\/posts\/194","targetHints":{"allow":["GET"]}}],"collection":[{"href":"https:\/\/ba-k.lakteo.com\/index.php\/wp-json\/wp\/v2\/posts"}],"about":[{"href":"https:\/\/ba-k.lakteo.com\/index.php\/wp-json\/wp\/v2\/types\/post"}],"author":[{"embeddable":true,"href":"https:\/\/ba-k.lakteo.com\/index.php\/wp-json\/wp\/v2\/users\/3"}],"replies":[{"embeddable":true,"href":"https:\/\/ba-k.lakteo.com\/index.php\/wp-json\/wp\/v2\/comments?post=194"}],"version-history":[{"count":1,"href":"https:\/\/ba-k.lakteo.com\/index.php\/wp-json\/wp\/v2\/posts\/194\/revisions"}],"predecessor-version":[{"id":196,"href":"https:\/\/ba-k.lakteo.com\/index.php\/wp-json\/wp\/v2\/posts\/194\/revisions\/196"}],"wp:featuredmedia":[{"embeddable":true,"href":"https:\/\/ba-k.lakteo.com\/index.php\/wp-json\/wp\/v2\/media\/195"}],"wp:attachment":[{"href":"https:\/\/ba-k.lakteo.com\/index.php\/wp-json\/wp\/v2\/media?parent=194"}],"wp:term":[{"taxonomy":"category","embeddable":true,"href":"https:\/\/ba-k.lakteo.com\/index.php\/wp-json\/wp\/v2\/categories?post=194"},{"taxonomy":"post_tag","embeddable":true,"href":"https:\/\/ba-k.lakteo.com\/index.php\/wp-json\/wp\/v2\/tags?post=194"}],"curies":[{"name":"wp","href":"https:\/\/api.w.org\/{rel}","templated":true}]}}