{"id":204,"date":"2026-04-14T22:02:03","date_gmt":"2026-04-14T22:02:03","guid":{"rendered":"https:\/\/ba-k.lakteo.com\/?p=204"},"modified":"2026-04-14T22:02:03","modified_gmt":"2026-04-14T22:02:03","slug":"31-minutos-anuncia-concierto-gratis-por-el-dia-del-nino","status":"publish","type":"post","link":"https:\/\/ba-k.lakteo.com\/index.php\/2026\/04\/14\/31-minutos-anuncia-concierto-gratis-por-el-dia-del-nino\/","title":{"rendered":"31 Minutos anuncia concierto gratis por el D\u00eda del ni\u00f1o"},"content":{"rendered":"\n<p>&nbsp;La Ciudad de M\u00e9xico se vestir\u00e1 de gala ya que el pr\u00f3ximo&nbsp;<strong>jueves 30 de abril de 2026<\/strong>, a las 19 horas, el&nbsp;<strong>Z\u00f3calo capitalino<\/strong>&nbsp;ser\u00e1 escenario de un concierto de la agrupaci\u00f3n chilena&nbsp;<strong>\u00ab31 Minutos\u00bb<\/strong>&nbsp;para celebrar el&nbsp;<strong>D\u00eda de las Ni\u00f1as y los Ni\u00f1os.<\/strong><\/p>\n\n\n\n<p>El evento ser\u00e1 apto para todo p\u00fablico y la entrada no tendr\u00e1 ning\u00fan costo, as\u00ed que no te pierdas la oportunidad \u00fanica de <strong><em>escuchar \u00abMi mu\u00f1eca me habl\u00f3\u00bb, \u00abMe cortaron mal el pelo\u00bb, \u00abBailan sin cesar\u00bb, \u00abObjeci\u00f3n denegada\u00bb<\/em><\/strong> y muchas m\u00e1s.<\/p>\n\n\n\n<figure class=\"wp-block-embed is-type-rich is-provider-twitter wp-block-embed-twitter\"><div class=\"wp-block-embed__wrapper\">\n<blockquote class=\"twitter-tweet\" data-width=\"500\" data-dnt=\"true\"><p lang=\"es\" dir=\"ltr\">\u2728 \u00a1Gran cierre para celebrar a las infancias!<br><br>Este 30 de abril, el coraz\u00f3n de la ciudad se llena de m\u00fasica con el concierto gratuito de 31 Minutos en el Z\u00f3calo de la Ciudad de M\u00e9xico \ud83c\udfb6<br><br>Un show muy especial lleno de humor, imaginaci\u00f3n y personajes que ya son parte de nuestra\u2026 <a href=\"https:\/\/t.co\/0iveOMPl94\">pic.twitter.com\/0iveOMPl94<\/a><\/p>&mdash; Secretar\u00eda de Cultura de la Ciudad de M\u00e9xico (@CulturaCiudadMx) <a href=\"https:\/\/twitter.com\/CulturaCiudadMx\/status\/2044133097914904912?ref_src=twsrc%5Etfw\">April 14, 2026<\/a><\/blockquote><script async src=\"https:\/\/platform.twitter.com\/widgets.js\" charset=\"utf-8\"><\/script>\n<\/div><\/figure>\n\n\n\n<p>\u00ab31 Minutos\u00bb naci\u00f3 como una serie de televisi\u00f3n infantil creada por \u00c1lvaro D\u00edaz, Pedro Peirano y Juan Manuel Ega\u00f1a.&nbsp;Conducido por el enigm\u00e1tico <strong>Tulio Trevi\u00f1o<\/strong>, el programa lanz\u00f3 a la fama a personajes ic\u00f3nicos que han formado parte de las vidas de miles de personas por toda Am\u00e9rica Latina y el mundo: <strong>Benito Bodoque, Juan\u00edn Juan Harry, Mario Hugo, Guaripolo, Patana<\/strong> y muchos m\u00e1s, en un concepto que se ha transformado a trav\u00e9s de los a\u00f1os.<\/p>\n\n\n\n<p>En los \u00faltimos a\u00f1os, <strong>\u00ab31 Minutos\u00bb se ha embarcado en una gira mundial para interpretar los temas musicales m\u00e1s representativos del programa<\/strong> en escenarios que han reunido a grandes p\u00fablicos, recientemente con <strong>m\u00faltiples fechas en el Auditorio Nacional en la Ciudad de M\u00e9xico.<\/strong><\/p>\n","protected":false},"excerpt":{"rendered":"<p>&nbsp;La Ciudad de M\u00e9xico se vestir\u00e1 de gala ya que el pr\u00f3ximo&nbsp;jueves 30 de abril de 2026, a las 19 horas, el&nbsp;Z\u00f3calo capitalino&nbsp;ser\u00e1 escenario de un concierto de la agrupaci\u00f3n chilena&nbsp;\u00ab31 Minutos\u00bb&nbsp;para celebrar el&nbsp;D\u00eda de las Ni\u00f1as y los Ni\u00f1os. El evento ser\u00e1 apto para todo p\u00fablico y la entrada no tendr\u00e1 ning\u00fan costo, as\u00ed [&hellip;]<\/p>\n","protected":false},"author":3,"featured_media":205,"comment_status":"open","ping_status":"open","sticky":false,"template":"","format":"standard","meta":{"footnotes":""},"categories":[1],"tags":[],"class_list":["post-204","post","type-post","status-publish","format-standard","has-post-thumbnail","hentry","category-uncategorized"],"_links":{"self":[{"href":"https:\/\/ba-k.lakteo.com\/index.php\/wp-json\/wp\/v2\/posts\/204","targetHints":{"allow":["GET"]}}],"collection":[{"href":"https:\/\/ba-k.lakteo.com\/index.php\/wp-json\/wp\/v2\/posts"}],"about":[{"href":"https:\/\/ba-k.lakteo.com\/index.php\/wp-json\/wp\/v2\/types\/post"}],"author":[{"embeddable":true,"href":"https:\/\/ba-k.lakteo.com\/index.php\/wp-json\/wp\/v2\/users\/3"}],"replies":[{"embeddable":true,"href":"https:\/\/ba-k.lakteo.com\/index.php\/wp-json\/wp\/v2\/comments?post=204"}],"version-history":[{"count":1,"href":"https:\/\/ba-k.lakteo.com\/index.php\/wp-json\/wp\/v2\/posts\/204\/revisions"}],"predecessor-version":[{"id":206,"href":"https:\/\/ba-k.lakteo.com\/index.php\/wp-json\/wp\/v2\/posts\/204\/revisions\/206"}],"wp:featuredmedia":[{"embeddable":true,"href":"https:\/\/ba-k.lakteo.com\/index.php\/wp-json\/wp\/v2\/media\/205"}],"wp:attachment":[{"href":"https:\/\/ba-k.lakteo.com\/index.php\/wp-json\/wp\/v2\/media?parent=204"}],"wp:term":[{"taxonomy":"category","embeddable":true,"href":"https:\/\/ba-k.lakteo.com\/index.php\/wp-json\/wp\/v2\/categories?post=204"},{"taxonomy":"post_tag","embeddable":true,"href":"https:\/\/ba-k.lakteo.com\/index.php\/wp-json\/wp\/v2\/tags?post=204"}],"curies":[{"name":"wp","href":"https:\/\/api.w.org\/{rel}","templated":true}]}}