{"id":224,"date":"2026-04-17T19:36:50","date_gmt":"2026-04-17T19:36:50","guid":{"rendered":"https:\/\/ba-k.lakteo.com\/?p=224"},"modified":"2026-04-17T19:36:50","modified_gmt":"2026-04-17T19:36:50","slug":"momotia-celebra-noveno-aniversario-de-faro-miacatlan","status":"publish","type":"post","link":"https:\/\/ba-k.lakteo.com\/index.php\/2026\/04\/17\/momotia-celebra-noveno-aniversario-de-faro-miacatlan\/","title":{"rendered":"\u2018Momotia\u2019 celebra noveno aniversario de Faro Miacatl\u00e1n"},"content":{"rendered":"\n<p>Bajo el concepto \u201c<strong><em>Momotia<\/em><\/strong>\u201d, palabra de origen n\u00e1huatl que significa crecimiento, la\u00a0<strong>F\u00e1brica de Artes y Oficios (FARO) Milpa Alta Miacatl\u00e1n, celebrar\u00e1 su noveno aniversario<\/strong> con una jornada de dos d\u00edas que incluyen diversas actividades culturales.<\/p>\n\n\n\n<p>La celebraci\u00f3n se llevar\u00e1 a cabo los d\u00edas <strong>viernes 24 y s\u00e1bado 25 de abril incluyendo <\/strong>presentaciones musicales, espect\u00e1culos <strong>de danza y artes circenses, actividades infantiles, as\u00ed como rifas de algunos de los trabajos elaborados por los talleristas<\/strong>, y algunas m\u00e1s de manera itinerante en las inmediaciones.<\/p>\n\n\n\n<p>La programaci\u00f3n comienza el viernes 24 de abril a las 15 horas con <strong>la presentaci\u00f3n del Mariachi Los Generales.<\/strong> Mientras que en la Galer\u00eda se inaugurar\u00e1 <strong>una exposici\u00f3n fotogr\u00e1fica sobre parkour, <\/strong>en la que los practicantes se mueven de manera natural usando solo el cuerpo por distintos entornos urbanos, ya sea con saltos, giros, trepando o en combinaciones, a cargo del tallerista Gerardo Uriel Mar\u00edn de la disciplina.<\/p>\n\n\n\n<p>Y para cerrar el primer d\u00eda de la jornada, a las 18:25 horas, ser\u00e1 la oportunidad de sumarse al <strong>baile de ritmos afrolatinos con la presentaci\u00f3n de La Gozadera Orquesta<\/strong>, un colectivo musical nacidos en la capital con alma caribe\u00f1a.<\/p>\n\n\n\n<p>Las actividades se reanudan el s\u00e1bado 26 de abril a partir de las 12 horas <strong>con <em>\u201cCantos, juegos y ra\u00edces\u201d<\/em> a cargo de Alas y Ra\u00edces<\/strong>; para continuar con unas palabras de bienvenida por parte del encargado del recinto.<\/p>\n\n\n\n<p>Y para cerrar la jornada de la celebraci\u00f3n, las presentaciones musicales, primero de la banda F\u00e9nix, quienes har\u00e1n vibrar a las personas asistentes con rock y temas en espa\u00f1ol, mientras que, como gran clausura, contar\u00e1n con la participaci\u00f3n de <strong>Ganjhe T\u00e1 Ras, un proyecto independiente cuya base es el ska y su inseparable g\u00e9nero.<\/strong><\/p>\n\n\n\n<p>La celebraci\u00f3n se realizar\u00e1 en las mismas instalaciones del <strong>Faro ubicado en el recinto, localizado en Bol\u00edvar Poniente s\/n, San Jer\u00f3nimo Miacatl\u00e1n, Milpa Alta<\/strong>. La entrada ser\u00e1 completamente libre y las actividades son aptas para todo el p\u00fablico.<\/p>\n","protected":false},"excerpt":{"rendered":"<p>Bajo el concepto \u201cMomotia\u201d, palabra de origen n\u00e1huatl que significa crecimiento, la\u00a0F\u00e1brica de Artes y Oficios (FARO) Milpa Alta Miacatl\u00e1n, celebrar\u00e1 su noveno aniversario con una jornada de dos d\u00edas que incluyen diversas actividades culturales. La celebraci\u00f3n se llevar\u00e1 a cabo los d\u00edas viernes 24 y s\u00e1bado 25 de abril incluyendo presentaciones musicales, espect\u00e1culos de [&hellip;]<\/p>\n","protected":false},"author":3,"featured_media":225,"comment_status":"open","ping_status":"open","sticky":false,"template":"","format":"standard","meta":{"footnotes":""},"categories":[1],"tags":[],"class_list":["post-224","post","type-post","status-publish","format-standard","has-post-thumbnail","hentry","category-uncategorized"],"_links":{"self":[{"href":"https:\/\/ba-k.lakteo.com\/index.php\/wp-json\/wp\/v2\/posts\/224","targetHints":{"allow":["GET"]}}],"collection":[{"href":"https:\/\/ba-k.lakteo.com\/index.php\/wp-json\/wp\/v2\/posts"}],"about":[{"href":"https:\/\/ba-k.lakteo.com\/index.php\/wp-json\/wp\/v2\/types\/post"}],"author":[{"embeddable":true,"href":"https:\/\/ba-k.lakteo.com\/index.php\/wp-json\/wp\/v2\/users\/3"}],"replies":[{"embeddable":true,"href":"https:\/\/ba-k.lakteo.com\/index.php\/wp-json\/wp\/v2\/comments?post=224"}],"version-history":[{"count":1,"href":"https:\/\/ba-k.lakteo.com\/index.php\/wp-json\/wp\/v2\/posts\/224\/revisions"}],"predecessor-version":[{"id":226,"href":"https:\/\/ba-k.lakteo.com\/index.php\/wp-json\/wp\/v2\/posts\/224\/revisions\/226"}],"wp:featuredmedia":[{"embeddable":true,"href":"https:\/\/ba-k.lakteo.com\/index.php\/wp-json\/wp\/v2\/media\/225"}],"wp:attachment":[{"href":"https:\/\/ba-k.lakteo.com\/index.php\/wp-json\/wp\/v2\/media?parent=224"}],"wp:term":[{"taxonomy":"category","embeddable":true,"href":"https:\/\/ba-k.lakteo.com\/index.php\/wp-json\/wp\/v2\/categories?post=224"},{"taxonomy":"post_tag","embeddable":true,"href":"https:\/\/ba-k.lakteo.com\/index.php\/wp-json\/wp\/v2\/tags?post=224"}],"curies":[{"name":"wp","href":"https:\/\/api.w.org\/{rel}","templated":true}]}}