{"id":227,"date":"2026-04-17T21:24:13","date_gmt":"2026-04-17T21:24:13","guid":{"rendered":"https:\/\/ba-k.lakteo.com\/?p=227"},"modified":"2026-04-17T21:24:13","modified_gmt":"2026-04-17T21:24:13","slug":"arte-queso-y-vino-en-tequisquiapan","status":"publish","type":"post","link":"https:\/\/ba-k.lakteo.com\/index.php\/2026\/04\/17\/arte-queso-y-vino-en-tequisquiapan\/","title":{"rendered":"Arte, queso y Vino en Tequisquiapan"},"content":{"rendered":"\n<p>Con el fin de fortalecer la promoci\u00f3n tur\u00edstica del Pueblo M\u00e1gico de Tequisquiapan, Quer\u00e9taro, fue presentado el&nbsp;<strong>Festival Internacional del Arte, Queso y Vino 2026<\/strong>&nbsp;que se realizar\u00e1 del&nbsp;<strong>7 al 24 de mayo.<\/strong><\/p>\n\n\n\n<p><strong>Este Festival &nbsp;se desarrollar\u00e1 en distintos puntos del centro de Tequisquiapan, como el Parque La Pila, el Jard\u00edn Principal Miguel Hidalgo, el Jard\u00edn del Arte y el Teatro del Pueblo, convirtiendo al destino en un gran espacio abierto donde la cultura, la gastronom\u00eda y el entretenimiento se viven en cada rinc\u00f3n.<\/strong><\/p>\n\n\n\n<figure class=\"wp-block-embed is-type-rich is-provider-twitter wp-block-embed-twitter\"><div class=\"wp-block-embed__wrapper\">\n<blockquote class=\"twitter-tweet\" data-width=\"500\" data-dnt=\"true\"><p lang=\"es\" dir=\"ltr\"><a href=\"https:\/\/twitter.com\/hashtag\/ComunicadoSectur?src=hash&amp;ref_src=twsrc%5Etfw\">#ComunicadoSectur<\/a> \ud83d\udce3<br><br>Tequisquiapan celebra 50 a\u00f1os del Festival Internacional del Arte, Queso y Vino 2026. \ud83c\udf77\u2728<br><br>El festival se llevar\u00e1 a cabo del 7 al 24 de mayo, con una afluencia estimada de m\u00e1s de 200 mil visitantes y acceso gratuito. Autoridades destacaron que cerca del 70%\u2026 <a href=\"https:\/\/t.co\/uBHxnVWNec\">pic.twitter.com\/uBHxnVWNec<\/a><\/p>&mdash; SECTUR M\u00e9xico (@SECTUR_mx) <a href=\"https:\/\/twitter.com\/SECTUR_mx\/status\/2044220694892872031?ref_src=twsrc%5Etfw\">April 15, 2026<\/a><\/blockquote><script async src=\"https:\/\/platform.twitter.com\/widgets.js\" charset=\"utf-8\"><\/script>\n<\/div><\/figure>\n\n\n\n<p><strong>La edici\u00f3n de este 2026 celebra 50 a\u00f1os de historia, con un programa que integra actividades culturales, gastron\u00f3micas, art\u00edsticas y deportivas. La inauguraci\u00f3n se llevar\u00e1 a cabo el 7 de mayo en la Plaza Principal Miguel Hidalgo, con la presentaci\u00f3n estelar de la Sinf\u00f3nica de la Sedena.<\/strong><\/p>\n\n\n\n<p>El cartel contempla espect\u00e1culos como el Show Mexican\u00edsimo de la Alta Escuela Ecuestre Domecq, as\u00ed como <strong>conciertos de Kabah, El Gran Silencio y Bronco. A<\/strong>dem\u00e1s, se realizar\u00e1n eventos deportivos como el <strong><em>Correfest<\/em><\/strong>, el 24 de mayo, junto con escenarios alternos que dar\u00e1n espacio a artistas locales y regionales. \u00a0\u00a0\u00a0\u00a0<\/p>\n","protected":false},"excerpt":{"rendered":"<p>Con el fin de fortalecer la promoci\u00f3n tur\u00edstica del Pueblo M\u00e1gico de Tequisquiapan, Quer\u00e9taro, fue presentado el&nbsp;Festival Internacional del Arte, Queso y Vino 2026&nbsp;que se realizar\u00e1 del&nbsp;7 al 24 de mayo. Este Festival &nbsp;se desarrollar\u00e1 en distintos puntos del centro de Tequisquiapan, como el Parque La Pila, el Jard\u00edn Principal Miguel Hidalgo, el Jard\u00edn del [&hellip;]<\/p>\n","protected":false},"author":3,"featured_media":228,"comment_status":"open","ping_status":"open","sticky":false,"template":"","format":"standard","meta":{"footnotes":""},"categories":[1],"tags":[],"class_list":["post-227","post","type-post","status-publish","format-standard","has-post-thumbnail","hentry","category-uncategorized"],"_links":{"self":[{"href":"https:\/\/ba-k.lakteo.com\/index.php\/wp-json\/wp\/v2\/posts\/227","targetHints":{"allow":["GET"]}}],"collection":[{"href":"https:\/\/ba-k.lakteo.com\/index.php\/wp-json\/wp\/v2\/posts"}],"about":[{"href":"https:\/\/ba-k.lakteo.com\/index.php\/wp-json\/wp\/v2\/types\/post"}],"author":[{"embeddable":true,"href":"https:\/\/ba-k.lakteo.com\/index.php\/wp-json\/wp\/v2\/users\/3"}],"replies":[{"embeddable":true,"href":"https:\/\/ba-k.lakteo.com\/index.php\/wp-json\/wp\/v2\/comments?post=227"}],"version-history":[{"count":1,"href":"https:\/\/ba-k.lakteo.com\/index.php\/wp-json\/wp\/v2\/posts\/227\/revisions"}],"predecessor-version":[{"id":235,"href":"https:\/\/ba-k.lakteo.com\/index.php\/wp-json\/wp\/v2\/posts\/227\/revisions\/235"}],"wp:featuredmedia":[{"embeddable":true,"href":"https:\/\/ba-k.lakteo.com\/index.php\/wp-json\/wp\/v2\/media\/228"}],"wp:attachment":[{"href":"https:\/\/ba-k.lakteo.com\/index.php\/wp-json\/wp\/v2\/media?parent=227"}],"wp:term":[{"taxonomy":"category","embeddable":true,"href":"https:\/\/ba-k.lakteo.com\/index.php\/wp-json\/wp\/v2\/categories?post=227"},{"taxonomy":"post_tag","embeddable":true,"href":"https:\/\/ba-k.lakteo.com\/index.php\/wp-json\/wp\/v2\/tags?post=227"}],"curies":[{"name":"wp","href":"https:\/\/api.w.org\/{rel}","templated":true}]}}