{"id":247,"date":"2026-04-22T23:42:37","date_gmt":"2026-04-22T23:42:37","guid":{"rendered":"https:\/\/ba-k.lakteo.com\/?p=247"},"modified":"2026-04-22T23:42:37","modified_gmt":"2026-04-22T23:42:37","slug":"kiiwik-la-feria-turistica-del-mundo-maya-2026","status":"publish","type":"post","link":"https:\/\/ba-k.lakteo.com\/index.php\/2026\/04\/22\/kiiwik-la-feria-turistica-del-mundo-maya-2026\/","title":{"rendered":"K\u2019\u00ediwik, la Feria Tur\u00edstica del Mundo Maya 2026"},"content":{"rendered":"\n<p>Este mi\u00e9rcoles autoridades federales presentaron K\u2019\u00ediwik: Feria Tur\u00edstica del Mundo Maya 2026, una feria internacional que busca conectar al Mundo Maya como un solo destino tur\u00edstico y que, adem\u00e1s, es la \u00fanica enfocada en el turismo cultural, comunitario y sostenible, donde pa\u00edses y expertos se re\u00fanen para hacer negocios.<\/p>\n\n\n\n<p>El evento se llevar\u00e1 a cabo del&nbsp;<strong>2 al 5 de junio de 2026<\/strong>&nbsp;en M\u00e9rida, con sede en el Centro de Convenciones Yucat\u00e1n Siglo XXI, y reunir\u00e1 a m\u00e1s de 200 compradores internacionales y 100 empresas de nueve destinos representados.<\/p>\n\n\n\n<p>Este espacio ser\u00e1 &nbsp;clave para vincular a comunidades con el mercado global, al permitir la promoci\u00f3n de experiencias reales como rutas, gastronom\u00eda y talleres tradicionales ante operadores tur\u00edsticos internacionales.<\/p>\n\n\n\n<p>Se contar\u00e1 con la participaci\u00f3n de los pa\u00edses que integran la regi\u00f3n del Mundo Maya:&nbsp;<strong>Belice, El Salvador, Guatemala, Honduras y M\u00e9xico<\/strong>, este \u00faltimo representado por los estados de Campeche, Chiapas, Tabasco, Quintana Roo y Yucat\u00e1n.<\/p>\n","protected":false},"excerpt":{"rendered":"<p>Este mi\u00e9rcoles autoridades federales presentaron K\u2019\u00ediwik: Feria Tur\u00edstica del Mundo Maya 2026, una feria internacional que busca conectar al Mundo Maya como un solo destino tur\u00edstico y que, adem\u00e1s, es la \u00fanica enfocada en el turismo cultural, comunitario y sostenible, donde pa\u00edses y expertos se re\u00fanen para hacer negocios. El evento se llevar\u00e1 a cabo [&hellip;]<\/p>\n","protected":false},"author":3,"featured_media":248,"comment_status":"open","ping_status":"open","sticky":false,"template":"","format":"standard","meta":{"footnotes":""},"categories":[1],"tags":[],"class_list":["post-247","post","type-post","status-publish","format-standard","has-post-thumbnail","hentry","category-uncategorized"],"_links":{"self":[{"href":"https:\/\/ba-k.lakteo.com\/index.php\/wp-json\/wp\/v2\/posts\/247","targetHints":{"allow":["GET"]}}],"collection":[{"href":"https:\/\/ba-k.lakteo.com\/index.php\/wp-json\/wp\/v2\/posts"}],"about":[{"href":"https:\/\/ba-k.lakteo.com\/index.php\/wp-json\/wp\/v2\/types\/post"}],"author":[{"embeddable":true,"href":"https:\/\/ba-k.lakteo.com\/index.php\/wp-json\/wp\/v2\/users\/3"}],"replies":[{"embeddable":true,"href":"https:\/\/ba-k.lakteo.com\/index.php\/wp-json\/wp\/v2\/comments?post=247"}],"version-history":[{"count":1,"href":"https:\/\/ba-k.lakteo.com\/index.php\/wp-json\/wp\/v2\/posts\/247\/revisions"}],"predecessor-version":[{"id":249,"href":"https:\/\/ba-k.lakteo.com\/index.php\/wp-json\/wp\/v2\/posts\/247\/revisions\/249"}],"wp:featuredmedia":[{"embeddable":true,"href":"https:\/\/ba-k.lakteo.com\/index.php\/wp-json\/wp\/v2\/media\/248"}],"wp:attachment":[{"href":"https:\/\/ba-k.lakteo.com\/index.php\/wp-json\/wp\/v2\/media?parent=247"}],"wp:term":[{"taxonomy":"category","embeddable":true,"href":"https:\/\/ba-k.lakteo.com\/index.php\/wp-json\/wp\/v2\/categories?post=247"},{"taxonomy":"post_tag","embeddable":true,"href":"https:\/\/ba-k.lakteo.com\/index.php\/wp-json\/wp\/v2\/tags?post=247"}],"curies":[{"name":"wp","href":"https:\/\/api.w.org\/{rel}","templated":true}]}}