{"id":32,"date":"2026-03-06T18:43:13","date_gmt":"2026-03-06T18:43:13","guid":{"rendered":"https:\/\/ba-k.lakteo.com\/?p=32"},"modified":"2026-03-06T18:43:13","modified_gmt":"2026-03-06T18:43:13","slug":"mas-de-200-sabores-de-nieve-en-un-solo-lugar","status":"publish","type":"post","link":"https:\/\/ba-k.lakteo.com\/index.php\/2026\/03\/06\/mas-de-200-sabores-de-nieve-en-un-solo-lugar\/","title":{"rendered":"M\u00e1s de 200 sabores de nieve en un solo lugar"},"content":{"rendered":"\n<p>La temporada de calor est\u00e1 cada vez m\u00e1s cerca y la opci\u00f3n perfecta para refrescarse es la<strong> Feria Nacional de la Nieve<\/strong> que se realiza de la Ciudad de M\u00e9xico.\u00a0<\/p>\n\n\n\n<p>El evento gastron\u00f3mico se realizar\u00e1 en <strong>Santiago Tulyehualco, ubicado en la Alcald\u00eda Xochimilco del 28 de marzo al 12 de abril de 2026.\u00a0<\/strong><\/p>\n\n\n\n<p>En este lugar podr\u00e1n encontrar una gran variedad de<strong> nieves, helados, paletas y raspados <\/strong>que van desde los<strong> sabores tradicionales como lim\u00f3n, chocolate, fresa, hasta algunos m\u00e1s extravagantes como p\u00e9talos de rosa, tequila, mole, camar\u00f3n<\/strong> y muchos m\u00e1s.\u00a0<\/p>\n\n\n\n<p>Adem\u00e1s, durante todo el evento se presentan tambi\u00e9n actividades culturales como bailes<strong> folkl\u00f3ricos, grupos musicales, obras de teatro y presentaciones art\u00edsticas.<\/strong><\/p>\n\n\n\n<p>La cartelera completa del evento a\u00fan no ha sido revelada, pero en los pr\u00f3ximos d\u00edas se espera que anuncien la distribuci\u00f3n de eventos durante los d\u00edas que durar\u00e1 la Feria. Ve apartando la fecha, ya que el evento suele ser muy concurrido, aunque, eso s\u00ed, la nieve no se termina.&nbsp;<\/p>\n\n\n\n<p>Tulyehualco es u<strong>n pueblo ancestral, con una historia que se remonta a la \u00e9poca prehisp\u00e1nica, <\/strong>este lugar alberga los \u00e1rboles de olivo m\u00e1s antiguos de Am\u00e9rica.<\/p>\n","protected":false},"excerpt":{"rendered":"<p>La temporada de calor est\u00e1 cada vez m\u00e1s cerca y la opci\u00f3n perfecta para refrescarse es la Feria Nacional de la Nieve que se realiza de la Ciudad de M\u00e9xico.\u00a0 El evento gastron\u00f3mico se realizar\u00e1 en Santiago Tulyehualco, ubicado en la Alcald\u00eda Xochimilco del 28 de marzo al 12 de abril de 2026.\u00a0 En este [&hellip;]<\/p>\n","protected":false},"author":3,"featured_media":33,"comment_status":"open","ping_status":"open","sticky":false,"template":"","format":"standard","meta":{"footnotes":""},"categories":[1],"tags":[],"class_list":["post-32","post","type-post","status-publish","format-standard","has-post-thumbnail","hentry","category-uncategorized"],"_links":{"self":[{"href":"https:\/\/ba-k.lakteo.com\/index.php\/wp-json\/wp\/v2\/posts\/32","targetHints":{"allow":["GET"]}}],"collection":[{"href":"https:\/\/ba-k.lakteo.com\/index.php\/wp-json\/wp\/v2\/posts"}],"about":[{"href":"https:\/\/ba-k.lakteo.com\/index.php\/wp-json\/wp\/v2\/types\/post"}],"author":[{"embeddable":true,"href":"https:\/\/ba-k.lakteo.com\/index.php\/wp-json\/wp\/v2\/users\/3"}],"replies":[{"embeddable":true,"href":"https:\/\/ba-k.lakteo.com\/index.php\/wp-json\/wp\/v2\/comments?post=32"}],"version-history":[{"count":1,"href":"https:\/\/ba-k.lakteo.com\/index.php\/wp-json\/wp\/v2\/posts\/32\/revisions"}],"predecessor-version":[{"id":34,"href":"https:\/\/ba-k.lakteo.com\/index.php\/wp-json\/wp\/v2\/posts\/32\/revisions\/34"}],"wp:featuredmedia":[{"embeddable":true,"href":"https:\/\/ba-k.lakteo.com\/index.php\/wp-json\/wp\/v2\/media\/33"}],"wp:attachment":[{"href":"https:\/\/ba-k.lakteo.com\/index.php\/wp-json\/wp\/v2\/media?parent=32"}],"wp:term":[{"taxonomy":"category","embeddable":true,"href":"https:\/\/ba-k.lakteo.com\/index.php\/wp-json\/wp\/v2\/categories?post=32"},{"taxonomy":"post_tag","embeddable":true,"href":"https:\/\/ba-k.lakteo.com\/index.php\/wp-json\/wp\/v2\/tags?post=32"}],"curies":[{"name":"wp","href":"https:\/\/api.w.org\/{rel}","templated":true}]}}