{"id":61,"date":"2026-03-11T19:37:51","date_gmt":"2026-03-11T19:37:51","guid":{"rendered":"https:\/\/ba-k.lakteo.com\/?p=61"},"modified":"2026-03-11T19:37:51","modified_gmt":"2026-03-11T19:37:51","slug":"filaz-2026-zona-de-lectura-para-ninos-y-jovenes-en-chapultepec","status":"publish","type":"post","link":"https:\/\/ba-k.lakteo.com\/index.php\/2026\/03\/11\/filaz-2026-zona-de-lectura-para-ninos-y-jovenes-en-chapultepec\/","title":{"rendered":"FILAZ 2026, zona de lectura para ni\u00f1os y j\u00f3venes en Chapultepec"},"content":{"rendered":"\n<p>No todo es videojuegos y televisi\u00f3n, algunos ni\u00f1os y j\u00f3venes tambi\u00e9n tienen h\u00e1bitos de lectura, por eso la <strong>Feria Internacional del Libro Infantil y Juvenil Aztl\u00e1n<\/strong> (FILIAZ) es la oportunidad de que tengan un acercamiento mayor a los libros.\u00a0<\/p>\n\n\n\n<p><strong>Del viernes 13 al domingo 22 de marzo, <\/strong>la feria reunir\u00e1 a m\u00e1s de 80 autores nacionales e internacionales y <strong>cerca de 700 sellos editoriales en un mismo espacio,<\/strong> con presentaciones y conversaciones abiertas al p\u00fablico.<\/p>\n\n\n\n<p>Entre los invitados se encuentran <strong>Juan Villoro,<\/strong> quien presentar\u00e1 su nuevo t\u00edtulo <em>Revoluciones por Minuto<\/em> y compartir\u00e1 parte de su pasi\u00f3n por el f\u00fatbol; adem\u00e1s de <strong>Benito Taibo,<\/strong> quien presentar\u00e1 el esperado segundo tomo de <em>Cuchara y Memoria<\/em> y hablar\u00e1 sobre el papel que los libros han tenido en su vida.<\/p>\n\n\n\n<figure class=\"wp-block-gallery has-nested-images columns-default is-cropped wp-block-gallery-1 is-layout-flex wp-block-gallery-is-layout-flex\">\n<figure class=\"wp-block-image size-large\"><img loading=\"lazy\" decoding=\"async\" width=\"820\" height=\"1024\" data-id=\"68\" src=\"https:\/\/ba-k.lakteo.com\/wp-content\/uploads\/2026\/03\/640807385_122202188468531328_3114233942354896639_n-820x1024.jpg\" alt=\"\" class=\"wp-image-68\" srcset=\"https:\/\/ba-k.lakteo.com\/wp-content\/uploads\/2026\/03\/640807385_122202188468531328_3114233942354896639_n-820x1024.jpg 820w, https:\/\/ba-k.lakteo.com\/wp-content\/uploads\/2026\/03\/640807385_122202188468531328_3114233942354896639_n-240x300.jpg 240w, https:\/\/ba-k.lakteo.com\/wp-content\/uploads\/2026\/03\/640807385_122202188468531328_3114233942354896639_n-768x959.jpg 768w, https:\/\/ba-k.lakteo.com\/wp-content\/uploads\/2026\/03\/640807385_122202188468531328_3114233942354896639_n.jpg 1081w\" sizes=\"auto, (max-width: 820px) 100vw, 820px\" \/><\/figure>\n\n\n\n<figure class=\"wp-block-image size-large\"><img loading=\"lazy\" decoding=\"async\" width=\"820\" height=\"1024\" data-id=\"69\" src=\"https:\/\/ba-k.lakteo.com\/wp-content\/uploads\/2026\/03\/641220691_122202188450531328_8570490093422735114_n-820x1024.jpg\" alt=\"\" class=\"wp-image-69\" srcset=\"https:\/\/ba-k.lakteo.com\/wp-content\/uploads\/2026\/03\/641220691_122202188450531328_8570490093422735114_n-820x1024.jpg 820w, https:\/\/ba-k.lakteo.com\/wp-content\/uploads\/2026\/03\/641220691_122202188450531328_8570490093422735114_n-240x300.jpg 240w, https:\/\/ba-k.lakteo.com\/wp-content\/uploads\/2026\/03\/641220691_122202188450531328_8570490093422735114_n-768x959.jpg 768w, https:\/\/ba-k.lakteo.com\/wp-content\/uploads\/2026\/03\/641220691_122202188450531328_8570490093422735114_n.jpg 1081w\" sizes=\"auto, (max-width: 820px) 100vw, 820px\" \/><\/figure>\n<\/figure>\n\n\n\n<p>Adem\u00e1s, l<strong>a ilustraci\u00f3n tendr\u00e1 un papel protag\u00f3nico <\/strong>en esta edici\u00f3n y se convertir\u00e1 en uno de los ejes centrales de la feria a trav\u00e9s de <em><strong>ilustrAcci\u00f3n<\/strong><\/em>, un programa que re\u00fane ilustradores nacionales e internacionales que compartir\u00e1n talleres, revisiones de portafolios, exposiciones y conversaciones sobre sus procesos creativos.<\/p>\n\n\n\n<p>El programa cerrar\u00e1 con un <strong>Jam<\/strong> de Ilustraci\u00f3n abierta al p\u00fablico en la que distintos artistas dibujar\u00e1n en vivo a partir de lecturas compartidas.<\/p>\n\n\n\n<figure class=\"wp-block-gallery has-nested-images columns-default is-cropped wp-block-gallery-2 is-layout-flex wp-block-gallery-is-layout-flex\">\n<figure class=\"wp-block-image size-large\"><img loading=\"lazy\" decoding=\"async\" width=\"819\" height=\"1024\" data-id=\"64\" src=\"https:\/\/ba-k.lakteo.com\/wp-content\/uploads\/2026\/03\/644359638_122203016354531328_5745405192322923590_n-819x1024.jpg\" alt=\"\" class=\"wp-image-64\" srcset=\"https:\/\/ba-k.lakteo.com\/wp-content\/uploads\/2026\/03\/644359638_122203016354531328_5745405192322923590_n-819x1024.jpg 819w, https:\/\/ba-k.lakteo.com\/wp-content\/uploads\/2026\/03\/644359638_122203016354531328_5745405192322923590_n-240x300.jpg 240w, https:\/\/ba-k.lakteo.com\/wp-content\/uploads\/2026\/03\/644359638_122203016354531328_5745405192322923590_n-768x960.jpg 768w, https:\/\/ba-k.lakteo.com\/wp-content\/uploads\/2026\/03\/644359638_122203016354531328_5745405192322923590_n.jpg 1080w\" sizes=\"auto, (max-width: 819px) 100vw, 819px\" \/><\/figure>\n\n\n\n<figure class=\"wp-block-image size-large\"><img loading=\"lazy\" decoding=\"async\" width=\"819\" height=\"1024\" data-id=\"63\" src=\"https:\/\/ba-k.lakteo.com\/wp-content\/uploads\/2026\/03\/644060417_122203016444531328_1311165539829261023_n-819x1024.jpg\" alt=\"\" class=\"wp-image-63\" srcset=\"https:\/\/ba-k.lakteo.com\/wp-content\/uploads\/2026\/03\/644060417_122203016444531328_1311165539829261023_n-819x1024.jpg 819w, https:\/\/ba-k.lakteo.com\/wp-content\/uploads\/2026\/03\/644060417_122203016444531328_1311165539829261023_n-240x300.jpg 240w, https:\/\/ba-k.lakteo.com\/wp-content\/uploads\/2026\/03\/644060417_122203016444531328_1311165539829261023_n-768x960.jpg 768w, https:\/\/ba-k.lakteo.com\/wp-content\/uploads\/2026\/03\/644060417_122203016444531328_1311165539829261023_n.jpg 1080w\" sizes=\"auto, (max-width: 819px) 100vw, 819px\" \/><\/figure>\n<\/figure>\n\n\n\n<p>Durante los diez d\u00edas de la feria <strong>se realizar\u00e1n m\u00e1s de 200 talleres, m\u00e1s de 30 espect\u00e1culos art\u00edsticos y cerca de 40 sesiones de narraci\u00f3n oral<\/strong> dirigidas a ni\u00f1as, ni\u00f1os y j\u00f3venes.\u00a0<\/p>\n\n\n\n<p>As\u00ed que ya lo sabes, el momento de convivencia, lectura y recreaci\u00f3n llega en pocos d\u00edas a la Ciudad. La entrada es libre, as\u00ed que podr\u00e1s ingresar con los peque\u00f1os a cualquier actividad de su inter\u00e9s.&nbsp;<\/p>\n","protected":false},"excerpt":{"rendered":"<p>No todo es videojuegos y televisi\u00f3n, algunos ni\u00f1os y j\u00f3venes tambi\u00e9n tienen h\u00e1bitos de lectura, por eso la Feria Internacional del Libro Infantil y Juvenil Aztl\u00e1n (FILIAZ) es la oportunidad de que tengan un acercamiento mayor a los libros.\u00a0 Del viernes 13 al domingo 22 de marzo, la feria reunir\u00e1 a m\u00e1s de 80 autores [&hellip;]<\/p>\n","protected":false},"author":3,"featured_media":67,"comment_status":"open","ping_status":"open","sticky":false,"template":"","format":"standard","meta":{"footnotes":""},"categories":[1],"tags":[],"class_list":["post-61","post","type-post","status-publish","format-standard","has-post-thumbnail","hentry","category-uncategorized"],"_links":{"self":[{"href":"https:\/\/ba-k.lakteo.com\/index.php\/wp-json\/wp\/v2\/posts\/61","targetHints":{"allow":["GET"]}}],"collection":[{"href":"https:\/\/ba-k.lakteo.com\/index.php\/wp-json\/wp\/v2\/posts"}],"about":[{"href":"https:\/\/ba-k.lakteo.com\/index.php\/wp-json\/wp\/v2\/types\/post"}],"author":[{"embeddable":true,"href":"https:\/\/ba-k.lakteo.com\/index.php\/wp-json\/wp\/v2\/users\/3"}],"replies":[{"embeddable":true,"href":"https:\/\/ba-k.lakteo.com\/index.php\/wp-json\/wp\/v2\/comments?post=61"}],"version-history":[{"count":1,"href":"https:\/\/ba-k.lakteo.com\/index.php\/wp-json\/wp\/v2\/posts\/61\/revisions"}],"predecessor-version":[{"id":70,"href":"https:\/\/ba-k.lakteo.com\/index.php\/wp-json\/wp\/v2\/posts\/61\/revisions\/70"}],"wp:featuredmedia":[{"embeddable":true,"href":"https:\/\/ba-k.lakteo.com\/index.php\/wp-json\/wp\/v2\/media\/67"}],"wp:attachment":[{"href":"https:\/\/ba-k.lakteo.com\/index.php\/wp-json\/wp\/v2\/media?parent=61"}],"wp:term":[{"taxonomy":"category","embeddable":true,"href":"https:\/\/ba-k.lakteo.com\/index.php\/wp-json\/wp\/v2\/categories?post=61"},{"taxonomy":"post_tag","embeddable":true,"href":"https:\/\/ba-k.lakteo.com\/index.php\/wp-json\/wp\/v2\/tags?post=61"}],"curies":[{"name":"wp","href":"https:\/\/api.w.org\/{rel}","templated":true}]}}