{"id":84,"date":"2026-03-17T23:54:00","date_gmt":"2026-03-17T23:54:00","guid":{"rendered":"https:\/\/ba-k.lakteo.com\/?p=84"},"modified":"2026-03-17T23:54:00","modified_gmt":"2026-03-17T23:54:00","slug":"dia-de-san-patricio-conmemoracion-mundial","status":"publish","type":"post","link":"https:\/\/ba-k.lakteo.com\/index.php\/2026\/03\/17\/dia-de-san-patricio-conmemoracion-mundial\/","title":{"rendered":"D\u00eda de San Patricio, conmemoraci\u00f3n mundial\u00a0"},"content":{"rendered":"\n<p>Cada 17 de marzo se conmemora la muerte del santo patrono de Irlanda conocido como <strong>San Patricio, responsable de llevar el catolicismo a la isla en el siglo V<\/strong>. Aunque al principio era una conmemoraci\u00f3n local, hoy en d\u00eda se celebra en distintas partes del mundo.\u00a0<\/p>\n\n\n\n<p>Por ejemplo, en M\u00e9xico, <strong>cada 17 de marzo los Pubs que se encuentran a lo largo del pa\u00eds aprovechan para realizar eventos <\/strong>tem\u00e1ticos con decoraciones de color verde y venta de cerveza.\u00a0 <\/p>\n\n\n\n<p>En otras naciones, como Estados Unidos, se realiza el famoso <strong>Desfile de San Patricio, mismo que atraviesa la Quinta Avenida de Nueva York, <\/strong>una de las m\u00e1s importantes del pa\u00eds.\u00a0<\/p>\n\n\n\n<p>Pero, con tanta celebraci\u00f3n, \u00bfC\u00f3mo es que San Patricio introdujo el catolicismo? Aunque no existe informaci\u00f3n 100% confirmada, se cree que <strong>San Patricio naci\u00f3 a finales del siglo IV en Escocia o Gales.\u00a0<\/strong><\/p>\n\n\n\n<figure class=\"wp-block-embed is-type-rich is-provider-twitter wp-block-embed-twitter\"><div class=\"wp-block-embed__wrapper\">\n<blockquote class=\"twitter-tweet\" data-width=\"500\" data-dnt=\"true\"><p lang=\"en\" dir=\"ltr\">Did you know that St. Patrick is considered one of the most influential figures in early Christian history, he helped bring Christianity to Ireland. After that, Ireland became a major Christian center. His writings (especially his Confessio) influenced Christian spirituality<br>\u271d\ufe0f <a href=\"https:\/\/t.co\/746IVMvZ1r\">pic.twitter.com\/746IVMvZ1r<\/a><\/p>&mdash; European news (@FutureeTalk) <a href=\"https:\/\/twitter.com\/FutureeTalk\/status\/2034001097547735106?ref_src=twsrc%5Etfw\">March 17, 2026<\/a><\/blockquote><script async src=\"https:\/\/platform.twitter.com\/widgets.js\" charset=\"utf-8\"><\/script>\n<\/div><\/figure>\n\n\n\n<p>Durante su adolescencia <strong>fue secuestrado y trasladado a Irlanda donde fue tratado como esclavo <\/strong>y obligado a realizar trabajo forzado. Seis a\u00f1os despu\u00e9s, y con el apoyo de algunos marineros, logr\u00f3 escapar de su cautiverio.\u00a0<\/p>\n\n\n\n<p>Sin embargo, <strong>durante el tiempo que estuvo recluido, fue cuando descubri\u00f3 su fe en Cristo y comenz\u00f3 a profesarla<\/strong>. Una vez libre, <strong>decidi\u00f3 plasmar su aprendizaje religioso en un libro autobiogr\u00e1fico \u201c<em>Confessio<\/em>\u201d.\u00a0<\/strong><\/p>\n\n\n\n<p>A su vez, decidi\u00f3 evangelizar a la poblaci\u00f3n de Irlanda provocando su conversi\u00f3n al catolicismo. <strong>El 17 de marzo del a\u00f1o 461, San Patricio falleci\u00f3, de ah\u00ed surge esta conmemoraci\u00f3n.\u00a0<\/strong><\/p>\n\n\n\n<p>Uno de los s\u00edmbolos principales de San Patricio es <strong>el tr\u00e9bol de tres hojas<\/strong>, pues se cree que \u00e9ste era una<strong> herramienta que utiliz\u00f3 para explicar la Santa Trinidad, que se traduce como El Padre, el Hijo y el Esp\u00edritu Santo.\u00a0<\/strong><\/p>\n\n\n\n<p>Lejos de ser un festejo religioso, como lo era antes, actualmente el <strong>D\u00eda de San Patricio se celebra con diferentes din\u00e1micas como desfiles, bebidas especiales que recuerdan la herencia cultural de Irlanda, vestimenta especial en color verde<\/strong> y, por supuesto, el tr\u00e9bol de tres hojas.\u00a0<\/p>\n\n\n\n<p>Tambi\u00e9n en distintas partes del mundo <strong>los edificios principales de grandes ciudades como Nueva York, Dubl\u00edn, Londres, Madrid y m\u00e1s, se ti\u00f1en de color verde reconociendo el valor del 17 de marzo.\u00a0<\/strong><\/p>\n\n\n\n<figure class=\"wp-block-embed is-type-rich is-provider-twitter wp-block-embed-twitter\"><div class=\"wp-block-embed__wrapper\">\n<blockquote class=\"twitter-tweet\" data-width=\"500\" data-dnt=\"true\"><p lang=\"en\" dir=\"ltr\">For one day the whole world turns green \ud83d\udc9a<br><br>From the Empire State Building in New York<br>to Niagara Falls in Canada<br>to the Leaning Tower of Pisa in Italy<br>to Madrid, Brussels, Auckland &amp; beyond \u2618\ufe0f\u2618\ufe0f<br><br>Iconic landmarks across the globe light up for Ireland \ud83c\uddee\ud83c\uddea<a href=\"https:\/\/twitter.com\/hashtag\/StPatricks2026?src=hash&amp;ref_src=twsrc%5Etfw\">#StPatricks2026<\/a> <a href=\"https:\/\/twitter.com\/hashtag\/Ireland?src=hash&amp;ref_src=twsrc%5Etfw\">#Ireland<\/a> <a href=\"https:\/\/t.co\/MiYDBZQDCj\">pic.twitter.com\/MiYDBZQDCj<\/a><\/p>&mdash; This is Ireland \ud83c\uddee\ud83c\uddea\u2618\ufe0f (@ThisIsIreland3) <a href=\"https:\/\/twitter.com\/ThisIsIreland3\/status\/2033976429247889572?ref_src=twsrc%5Etfw\">March 17, 2026<\/a><\/blockquote><script async src=\"https:\/\/platform.twitter.com\/widgets.js\" charset=\"utf-8\"><\/script>\n<\/div><\/figure>\n","protected":false},"excerpt":{"rendered":"<p>Cada 17 de marzo se conmemora la muerte del santo patrono de Irlanda conocido como San Patricio, responsable de llevar el catolicismo a la isla en el siglo V. Aunque al principio era una conmemoraci\u00f3n local, hoy en d\u00eda se celebra en distintas partes del mundo.\u00a0 Por ejemplo, en M\u00e9xico, cada 17 de marzo los [&hellip;]<\/p>\n","protected":false},"author":3,"featured_media":85,"comment_status":"open","ping_status":"open","sticky":false,"template":"","format":"standard","meta":{"footnotes":""},"categories":[1],"tags":[],"class_list":["post-84","post","type-post","status-publish","format-standard","has-post-thumbnail","hentry","category-uncategorized"],"_links":{"self":[{"href":"https:\/\/ba-k.lakteo.com\/index.php\/wp-json\/wp\/v2\/posts\/84","targetHints":{"allow":["GET"]}}],"collection":[{"href":"https:\/\/ba-k.lakteo.com\/index.php\/wp-json\/wp\/v2\/posts"}],"about":[{"href":"https:\/\/ba-k.lakteo.com\/index.php\/wp-json\/wp\/v2\/types\/post"}],"author":[{"embeddable":true,"href":"https:\/\/ba-k.lakteo.com\/index.php\/wp-json\/wp\/v2\/users\/3"}],"replies":[{"embeddable":true,"href":"https:\/\/ba-k.lakteo.com\/index.php\/wp-json\/wp\/v2\/comments?post=84"}],"version-history":[{"count":1,"href":"https:\/\/ba-k.lakteo.com\/index.php\/wp-json\/wp\/v2\/posts\/84\/revisions"}],"predecessor-version":[{"id":86,"href":"https:\/\/ba-k.lakteo.com\/index.php\/wp-json\/wp\/v2\/posts\/84\/revisions\/86"}],"wp:featuredmedia":[{"embeddable":true,"href":"https:\/\/ba-k.lakteo.com\/index.php\/wp-json\/wp\/v2\/media\/85"}],"wp:attachment":[{"href":"https:\/\/ba-k.lakteo.com\/index.php\/wp-json\/wp\/v2\/media?parent=84"}],"wp:term":[{"taxonomy":"category","embeddable":true,"href":"https:\/\/ba-k.lakteo.com\/index.php\/wp-json\/wp\/v2\/categories?post=84"},{"taxonomy":"post_tag","embeddable":true,"href":"https:\/\/ba-k.lakteo.com\/index.php\/wp-json\/wp\/v2\/tags?post=84"}],"curies":[{"name":"wp","href":"https:\/\/api.w.org\/{rel}","templated":true}]}}