{"id":87,"date":"2026-03-18T22:15:58","date_gmt":"2026-03-18T22:15:58","guid":{"rendered":"https:\/\/ba-k.lakteo.com\/?p=87"},"modified":"2026-03-18T22:15:58","modified_gmt":"2026-03-18T22:15:58","slug":"espana-reconoce-abusos-de-la-conquista-sheinbaum-responde-con-invitacion-al-mundial","status":"publish","type":"post","link":"https:\/\/ba-k.lakteo.com\/index.php\/2026\/03\/18\/espana-reconoce-abusos-de-la-conquista-sheinbaum-responde-con-invitacion-al-mundial\/","title":{"rendered":"Espa\u00f1a reconoce \u201cabusos\u201d de la Conquista; Sheinbaum responde con invitaci\u00f3n al Mundial"},"content":{"rendered":"\n<p>El tema de<strong> la Conquista espa\u00f1ola sobre Am\u00e9rica ha generado controversia entre M\u00e9xico y Espa\u00f1a<\/strong> desde que el gobierno de Andr\u00e9s Manuel L\u00f3pez Obrador pidi\u00f3 una disculpa hacia los pueblos ind\u00edgenas, en 2019.<\/p>\n\n\n\n<p>El pasado 16 de marzo, por primera ocasi\u00f3n el Rey Felipe VI, reconoci\u00f3 p\u00fablicamente que en esa \u00e9poca hubo <strong><em>\u201cmucho abuso\u201d <\/em><\/strong>y asegur\u00f3 que, de acuerdo a las costumbres y valores actuales <em><strong>\u201cno pueden hacernos sentir orgullosos\u201d<\/strong><\/em> algunos de los actuares de la Conquista.<\/p>\n\n\n\n<p>Este pronunciamiento surgi\u00f3 mientras <strong>el monarca visitaba la exposici\u00f3n <em>\u00abLa mujer en el M\u00e9xico ind\u00edgena\u00bb<\/em> en el Museo Arqueol\u00f3gico Nacional, ubicado en Madrid.<\/strong><\/p>\n\n\n\n<figure class=\"wp-block-embed is-type-rich is-provider-twitter wp-block-embed-twitter\"><div class=\"wp-block-embed__wrapper\">\n<blockquote class=\"twitter-tweet\" data-width=\"500\" data-dnt=\"true\"><p lang=\"es\" dir=\"ltr\">Recorrido del Rey por la exposici\u00f3n \u201cLa mitad del mundo. La mujer en el M\u00e9xico ind\u00edgena\u201d en el Museo Arqueol\u00f3gico Nacional (MAN).<br><br>La exposici\u00f3n, centrada en el \u00e1mbito humano, permite indagar en el conocimiento del M\u00e9xico ind\u00edgena a trav\u00e9s de la figura de la mujer. <a href=\"https:\/\/t.co\/BDwH8KIijl\">pic.twitter.com\/BDwH8KIijl<\/a><\/p>&mdash; Casa de S.M. el Rey (@CasaReal) <a href=\"https:\/\/twitter.com\/CasaReal\/status\/2033543921142214860?ref_src=twsrc%5Etfw\">March 16, 2026<\/a><\/blockquote><script async src=\"https:\/\/platform.twitter.com\/widgets.js\" charset=\"utf-8\"><\/script>\n<\/div><\/figure>\n\n\n\n<p>Durante el recorrido, en compa\u00f1\u00eda de diversas autoridades, incluido el embajador de M\u00e9xico en Espa\u00f1a, Quirino Ordaz, Felipe VI, mencion\u00f3 que <strong>las <em>\u201ccontroversias morales y \u00e9ticas de la Conquista\u201d<\/em> deben tomarse acorde al contexto en el que sucedieron <\/strong>para poder comprender el origen de las mismas.<\/p>\n\n\n\n<p>Esta es la primera declaratoria de Espa\u00f1a despu\u00e9s de sus negativas a ofrecer disculpas al pueblo ind\u00edgena.<\/p>\n\n\n\n<p>Tom\u00e1ndolo como una reducci\u00f3n de la tensi\u00f3n diplom\u00e1tica entre ambos pa\u00edses, <strong>la Presidenta de M\u00e9xico, Claudia Sheinbaum Pardo, extendi\u00f3 al Rey Felipe una invitaci\u00f3n a la Copa Mundial FIFA 2026 <\/strong>que se realizar\u00e1 en nuestro pa\u00eds.<\/p>\n\n\n\n<p>Seg\u00fan diversos medios, la carta enviada por la mandataria mexicana fue recibida con agrado por parte de La Casa del Rey, aunque a\u00fan no se ha emitido una respuesta formal sobre su posible asistencia al Mundial de Futbol.<\/p>\n","protected":false},"excerpt":{"rendered":"<p>El tema de la Conquista espa\u00f1ola sobre Am\u00e9rica ha generado controversia entre M\u00e9xico y Espa\u00f1a desde que el gobierno de Andr\u00e9s Manuel L\u00f3pez Obrador pidi\u00f3 una disculpa hacia los pueblos ind\u00edgenas, en 2019. El pasado 16 de marzo, por primera ocasi\u00f3n el Rey Felipe VI, reconoci\u00f3 p\u00fablicamente que en esa \u00e9poca hubo \u201cmucho abuso\u201d y [&hellip;]<\/p>\n","protected":false},"author":3,"featured_media":88,"comment_status":"open","ping_status":"open","sticky":false,"template":"","format":"standard","meta":{"footnotes":""},"categories":[1],"tags":[],"class_list":["post-87","post","type-post","status-publish","format-standard","has-post-thumbnail","hentry","category-uncategorized"],"_links":{"self":[{"href":"https:\/\/ba-k.lakteo.com\/index.php\/wp-json\/wp\/v2\/posts\/87","targetHints":{"allow":["GET"]}}],"collection":[{"href":"https:\/\/ba-k.lakteo.com\/index.php\/wp-json\/wp\/v2\/posts"}],"about":[{"href":"https:\/\/ba-k.lakteo.com\/index.php\/wp-json\/wp\/v2\/types\/post"}],"author":[{"embeddable":true,"href":"https:\/\/ba-k.lakteo.com\/index.php\/wp-json\/wp\/v2\/users\/3"}],"replies":[{"embeddable":true,"href":"https:\/\/ba-k.lakteo.com\/index.php\/wp-json\/wp\/v2\/comments?post=87"}],"version-history":[{"count":1,"href":"https:\/\/ba-k.lakteo.com\/index.php\/wp-json\/wp\/v2\/posts\/87\/revisions"}],"predecessor-version":[{"id":89,"href":"https:\/\/ba-k.lakteo.com\/index.php\/wp-json\/wp\/v2\/posts\/87\/revisions\/89"}],"wp:featuredmedia":[{"embeddable":true,"href":"https:\/\/ba-k.lakteo.com\/index.php\/wp-json\/wp\/v2\/media\/88"}],"wp:attachment":[{"href":"https:\/\/ba-k.lakteo.com\/index.php\/wp-json\/wp\/v2\/media?parent=87"}],"wp:term":[{"taxonomy":"category","embeddable":true,"href":"https:\/\/ba-k.lakteo.com\/index.php\/wp-json\/wp\/v2\/categories?post=87"},{"taxonomy":"post_tag","embeddable":true,"href":"https:\/\/ba-k.lakteo.com\/index.php\/wp-json\/wp\/v2\/tags?post=87"}],"curies":[{"name":"wp","href":"https:\/\/api.w.org\/{rel}","templated":true}]}}