{"id":91,"date":"2026-03-19T21:13:41","date_gmt":"2026-03-19T21:13:41","guid":{"rendered":"https:\/\/ba-k.lakteo.com\/?p=91"},"modified":"2026-03-19T21:13:41","modified_gmt":"2026-03-19T21:13:41","slug":"aquifera-un-culto-al-agua-con-picnic-y-jazz","status":"publish","type":"post","link":"https:\/\/ba-k.lakteo.com\/index.php\/2026\/03\/19\/aquifera-un-culto-al-agua-con-picnic-y-jazz\/","title":{"rendered":"Aq\u00fcifera: un culto al agua con picnic y jazz"},"content":{"rendered":"\n<p><strong>El Bosque de Chapultepec se prepara para recibir Aq\u00fcifera, Festival del Bosque 2026<\/strong>, una edici\u00f3n que har\u00e1 del agua la gran protagonista, <strong>una experiencia cultural que invitar\u00e1 a percibir el agua no solo como un recurso<\/strong>, sino como el origen de la vida y responsabilidad commpartida.<\/p>\n\n\n\n<p>El encuentro se llevar\u00e1 a cabo en <strong>21 sedes ubicadas en las Cuatro Secciones del Bosque de Chapultepec<\/strong> y reunir\u00e1 conferencias magistrales<strong>, conciertos, talleres, teatro, danza, una exposici\u00f3n fotogr\u00e1fica y experiencias inmersivas <\/strong>que permitir\u00e1n explorar la dimensi\u00f3n ecosist\u00e9mica, hist\u00f3rica, social, art\u00edstica y cultural del agua en la Ciudad de M\u00e9xico y en el Bosque de Chapultepec.<\/p>\n\n\n\n<figure class=\"wp-block-embed is-type-rich is-provider-twitter wp-block-embed-twitter\"><div class=\"wp-block-embed__wrapper\">\n<blockquote class=\"twitter-tweet\" data-width=\"500\" data-dnt=\"true\"><p lang=\"es\" dir=\"ltr\">\u26c8\ufe0f Antes de la Ciudad, hubo agua&#8230;<br><br>Chapultepec, morada de Tl\u00e1loc, te invita a escuchar las ense\u00f1anzas del n\u00e9ctar de la vida \ud83c\udf0a<a href=\"https:\/\/twitter.com\/hashtag\/FestivalChapultepec?src=hash&amp;ref_src=twsrc%5Etfw\">#FestivalChapultepec<\/a> <a href=\"https:\/\/twitter.com\/ProChapultepec?ref_src=twsrc%5Etfw\">@ProChapultepec<\/a> <a href=\"https:\/\/twitter.com\/ChapultepecCDMX?ref_src=twsrc%5Etfw\">@ChapultepecCDMX<\/a> <a href=\"https:\/\/twitter.com\/SEDEMA_CDMX?ref_src=twsrc%5Etfw\">@SEDEMA_CDMX<\/a> <a href=\"https:\/\/t.co\/HmgejvJDMV\">pic.twitter.com\/HmgejvJDMV<\/a><\/p>&mdash; Aq\u00fcifera: Festival del Bosque (@BosqueFest) <a href=\"https:\/\/twitter.com\/BosqueFest\/status\/2029214029336760565?ref_src=twsrc%5Etfw\">March 4, 2026<\/a><\/blockquote><script async src=\"https:\/\/platform.twitter.com\/widgets.js\" charset=\"utf-8\"><\/script>\n<\/div><\/figure>\n\n\n\n<p>Entre las actividades destacadas se encuentra la realizaci\u00f3n de un <strong>Picnic nocturno<\/strong> que estar\u00e1 abierto a todo p\u00fablico.<\/p>\n\n\n\n<p>Desde el primer momento, <strong>Aq\u00fcifera tienen un objetivo claro: divulgar la importancia del agua para inspirar acciones individuales y colectivas en favor de su cuidado. A partir de ese eje, <\/strong>el Festival abrir\u00e1 una experiencia que combine conocimiento, celebraci\u00f3n y conciencia ambiental, abordando temas como el impacto del ahorro colectivo, la huella h\u00eddrica, el origen y destino del agua.<\/p>\n","protected":false},"excerpt":{"rendered":"<p>El Bosque de Chapultepec se prepara para recibir Aq\u00fcifera, Festival del Bosque 2026, una edici\u00f3n que har\u00e1 del agua la gran protagonista, una experiencia cultural que invitar\u00e1 a percibir el agua no solo como un recurso, sino como el origen de la vida y responsabilidad commpartida. El encuentro se llevar\u00e1 a cabo en 21 sedes [&hellip;]<\/p>\n","protected":false},"author":3,"featured_media":92,"comment_status":"open","ping_status":"open","sticky":false,"template":"","format":"standard","meta":{"footnotes":""},"categories":[1],"tags":[],"class_list":["post-91","post","type-post","status-publish","format-standard","has-post-thumbnail","hentry","category-uncategorized"],"_links":{"self":[{"href":"https:\/\/ba-k.lakteo.com\/index.php\/wp-json\/wp\/v2\/posts\/91","targetHints":{"allow":["GET"]}}],"collection":[{"href":"https:\/\/ba-k.lakteo.com\/index.php\/wp-json\/wp\/v2\/posts"}],"about":[{"href":"https:\/\/ba-k.lakteo.com\/index.php\/wp-json\/wp\/v2\/types\/post"}],"author":[{"embeddable":true,"href":"https:\/\/ba-k.lakteo.com\/index.php\/wp-json\/wp\/v2\/users\/3"}],"replies":[{"embeddable":true,"href":"https:\/\/ba-k.lakteo.com\/index.php\/wp-json\/wp\/v2\/comments?post=91"}],"version-history":[{"count":1,"href":"https:\/\/ba-k.lakteo.com\/index.php\/wp-json\/wp\/v2\/posts\/91\/revisions"}],"predecessor-version":[{"id":93,"href":"https:\/\/ba-k.lakteo.com\/index.php\/wp-json\/wp\/v2\/posts\/91\/revisions\/93"}],"wp:featuredmedia":[{"embeddable":true,"href":"https:\/\/ba-k.lakteo.com\/index.php\/wp-json\/wp\/v2\/media\/92"}],"wp:attachment":[{"href":"https:\/\/ba-k.lakteo.com\/index.php\/wp-json\/wp\/v2\/media?parent=91"}],"wp:term":[{"taxonomy":"category","embeddable":true,"href":"https:\/\/ba-k.lakteo.com\/index.php\/wp-json\/wp\/v2\/categories?post=91"},{"taxonomy":"post_tag","embeddable":true,"href":"https:\/\/ba-k.lakteo.com\/index.php\/wp-json\/wp\/v2\/tags?post=91"}],"curies":[{"name":"wp","href":"https:\/\/api.w.org\/{rel}","templated":true}]}}